{"id":2342,"date":"2025-04-30T20:16:15","date_gmt":"2025-04-30T18:16:15","guid":{"rendered":"https:\/\/agora.xtec.cat\/esc-laplana\/?p=2342"},"modified":"2025-04-30T20:16:48","modified_gmt":"2025-04-30T18:16:48","slug":"el-platan-esportista-i-el-nostre-amic-cardio","status":"publish","type":"post","link":"https:\/\/agora.xtec.cat\/esc-laplana\/general\/el-platan-esportista-i-el-nostre-amic-cardio\/","title":{"rendered":"EL PL\u00c0TAN ESPORTISTA I EL NOSTRE AMIC CARDIO!"},"content":{"rendered":"<p style=\"text-align: justify;\">Dilluns per la tarda vam poder escoltar el conte del pl\u00e0tan esportista mentre esper\u00e0vem la gran visita del nostre amic CARDIO. Va ser una tarda on vam recordar la import\u00e0ncia de l&#8217;alimentaci\u00f3 saludable per cuidar el nostre cos i sobretot fomentar el consum de fruita variada entre els\/les m\u00e9s petits de l&#8217;escola.<\/p>\n<p>Vam acabar el primer dia donant la benvinguda al CARDIO, ballant al ritme de la m\u00fasica amb la coreografia del programa Si! (de salut intregral) del qual forma part l&#8217;escola des de fa molts cursos i berenant fruita.<\/p>\n<p><a href=\"https:\/\/drive.google.com\/drive\/folders\/1_k-1bxY_BoXsNZ8QmQOcJ-Bd18optFcB?usp=sharing\"><img loading=\"lazy\" decoding=\"async\" class=\"alignnone wp-image-2343\" src=\"https:\/\/agora.xtec.cat\/esc-laplana\/wp-content\/uploads\/usu2664\/2025\/04\/20250428_152051-1-1024x768.jpeg\" alt=\"\" width=\"631\" height=\"473\" srcset=\"https:\/\/agora.xtec.cat\/esc-laplana\/wp-content\/uploads\/usu2664\/2025\/04\/20250428_152051-1-1024x768.jpeg 1024w, https:\/\/agora.xtec.cat\/esc-laplana\/wp-content\/uploads\/usu2664\/2025\/04\/20250428_152051-1-300x225.jpeg 300w, https:\/\/agora.xtec.cat\/esc-laplana\/wp-content\/uploads\/usu2664\/2025\/04\/20250428_152051-1-768x576.jpeg 768w, https:\/\/agora.xtec.cat\/esc-laplana\/wp-content\/uploads\/usu2664\/2025\/04\/20250428_152051-1-1536x1152.jpeg 1536w, https:\/\/agora.xtec.cat\/esc-laplana\/wp-content\/uploads\/usu2664\/2025\/04\/20250428_152051-1-2048x1536.jpeg 2048w, https:\/\/agora.xtec.cat\/esc-laplana\/wp-content\/uploads\/usu2664\/2025\/04\/20250428_152051-1-200x150.jpeg 200w\" sizes=\"auto, (max-width: 631px) 100vw, 631px\" \/><\/a><\/p>\n<p><a href=\"https:\/\/drive.google.com\/drive\/folders\/1PY8ZCt60aIFgszJ4YxXj0cm0V6TIiquw?usp=sharing\"><img loading=\"lazy\" decoding=\"async\" class=\"alignnone wp-image-2344\" src=\"https:\/\/agora.xtec.cat\/esc-laplana\/wp-content\/uploads\/usu2664\/2025\/04\/20250428_162021-1-scaled-e1746036875415-1024x841.jpeg\" alt=\"\" width=\"622\" height=\"511\" \/><\/a><\/p>\n<p><strong>FEU &#8220;CLIC&#8221; A SOBRE LES FOTOGRAFIES PER VEURE M\u00c9S IMATGES<\/strong><\/p>\n","protected":false},"excerpt":{"rendered":"<p>Dilluns per la tarda vam poder escoltar el conte del pl\u00e0tan esportista mentre esper\u00e0vem la gran visita del nostre amic CARDIO. Va ser una tarda on vam recordar la import\u00e0ncia de l&#8217;alimentaci\u00f3 saludable per cuidar el nostre cos i sobretot fomentar el consum de fruita&hellip;  <a href=\"https:\/\/agora.xtec.cat\/esc-laplana\/general\/el-platan-esportista-i-el-nostre-amic-cardio\/\" title=\"Read EL PL\u00c0TAN ESPORTISTA I EL NOSTRE AMIC CARDIO!\">Llegeix m\u00e9s\u00bb<\/a><\/p>\n","protected":false},"author":1,"featured_media":0,"comment_status":"open","ping_status":"closed","sticky":false,"template":"","format":"standard","meta":{"_bbp_topic_count":0,"_bbp_reply_count":0,"_bbp_total_topic_count":0,"_bbp_total_reply_count":0,"_bbp_voice_count":0,"_bbp_anonymous_reply_count":0,"_bbp_topic_count_hidden":0,"_bbp_reply_count_hidden":0,"_bbp_forum_subforum_count":0,"footnotes":""},"categories":[8,1,74,4],"tags":[],"class_list":["post-2342","post","type-post","status-publish","format-standard","hentry","category-1r-promo-21-29","category-general","category-infantil","category-portada"],"post_mailing_queue_ids":[],"_links":{"self":[{"href":"https:\/\/agora.xtec.cat\/esc-laplana\/wp-json\/wp\/v2\/posts\/2342","targetHints":{"allow":["GET"]}}],"collection":[{"href":"https:\/\/agora.xtec.cat\/esc-laplana\/wp-json\/wp\/v2\/posts"}],"about":[{"href":"https:\/\/agora.xtec.cat\/esc-laplana\/wp-json\/wp\/v2\/types\/post"}],"author":[{"embeddable":true,"href":"https:\/\/agora.xtec.cat\/esc-laplana\/wp-json\/wp\/v2\/users\/1"}],"replies":[{"embeddable":true,"href":"https:\/\/agora.xtec.cat\/esc-laplana\/wp-json\/wp\/v2\/comments?post=2342"}],"version-history":[{"count":1,"href":"https:\/\/agora.xtec.cat\/esc-laplana\/wp-json\/wp\/v2\/posts\/2342\/revisions"}],"predecessor-version":[{"id":2345,"href":"https:\/\/agora.xtec.cat\/esc-laplana\/wp-json\/wp\/v2\/posts\/2342\/revisions\/2345"}],"wp:attachment":[{"href":"https:\/\/agora.xtec.cat\/esc-laplana\/wp-json\/wp\/v2\/media?parent=2342"}],"wp:term":[{"taxonomy":"category","embeddable":true,"href":"https:\/\/agora.xtec.cat\/esc-laplana\/wp-json\/wp\/v2\/categories?post=2342"},{"taxonomy":"post_tag","embeddable":true,"href":"https:\/\/agora.xtec.cat\/esc-laplana\/wp-json\/wp\/v2\/tags?post=2342"}],"curies":[{"name":"wp","href":"https:\/\/api.w.org\/{rel}","templated":true}]}}