{"id":2331,"date":"2025-04-25T16:16:01","date_gmt":"2025-04-25T14:16:01","guid":{"rendered":"https:\/\/agora.xtec.cat\/esc-laplana\/?p=2331"},"modified":"2025-04-25T16:16:01","modified_gmt":"2025-04-25T14:16:01","slug":"roda-de-contes-a-ci-damaris","status":"publish","type":"post","link":"https:\/\/agora.xtec.cat\/esc-laplana\/portada\/roda-de-contes-a-ci-damaris\/","title":{"rendered":"RODA DE CONTES A CI: D\u00c1MARIS"},"content":{"rendered":"<p style=\"text-align: justify;\">Aquesta tarda hem continuat la roda de contes de Cicle Inicial amb la D\u00e1maris que ens ha explicat 1 hist\u00f2ria sobre 3 amics que viuen al fons del mar.\u00a0Ho ha fet molt i molt b\u00e9! Enhorabona i moltes gr\u00e0cies a la seva fam\u00edlia per ajudar-la a preparar aquesta activitat!<\/p>\n<p style=\"text-align: justify;\">Ja tenim moltes ganes d&#8217;escoltar dos contes m\u00e9s la propera setmana!<\/p>\n<p><img loading=\"lazy\" decoding=\"async\" class=\"alignnone  wp-image-2332\" src=\"https:\/\/agora.xtec.cat\/esc-laplana\/wp-content\/uploads\/usu2664\/2025\/04\/damaris-768x1024.jpg\" alt=\"\" width=\"480\" height=\"640\" srcset=\"https:\/\/agora.xtec.cat\/esc-laplana\/wp-content\/uploads\/usu2664\/2025\/04\/damaris-768x1024.jpg 768w, https:\/\/agora.xtec.cat\/esc-laplana\/wp-content\/uploads\/usu2664\/2025\/04\/damaris-225x300.jpg 225w, https:\/\/agora.xtec.cat\/esc-laplana\/wp-content\/uploads\/usu2664\/2025\/04\/damaris-1152x1536.jpg 1152w, https:\/\/agora.xtec.cat\/esc-laplana\/wp-content\/uploads\/usu2664\/2025\/04\/damaris.jpg 1200w\" sizes=\"auto, (max-width: 480px) 100vw, 480px\" \/><\/p>\n","protected":false},"excerpt":{"rendered":"<p>Aquesta tarda hem continuat la roda de contes de Cicle Inicial amb la D\u00e1maris que ens ha explicat 1 hist\u00f2ria sobre 3 amics que viuen al fons del mar.\u00a0Ho ha fet molt i molt b\u00e9! Enhorabona i moltes gr\u00e0cies a la seva fam\u00edlia per ajudar-la&hellip;  <a href=\"https:\/\/agora.xtec.cat\/esc-laplana\/portada\/roda-de-contes-a-ci-damaris\/\" title=\"Read RODA DE CONTES A CI: D\u00c1MARIS\">Llegeix m\u00e9s\u00bb<\/a><\/p>\n","protected":false},"author":1,"featured_media":0,"comment_status":"open","ping_status":"closed","sticky":false,"template":"","format":"standard","meta":{"_bbp_topic_count":0,"_bbp_reply_count":0,"_bbp_total_topic_count":0,"_bbp_total_reply_count":0,"_bbp_voice_count":0,"_bbp_anonymous_reply_count":0,"_bbp_topic_count_hidden":0,"_bbp_reply_count_hidden":0,"_bbp_forum_subforum_count":0,"footnotes":""},"categories":[8,4,5],"tags":[],"class_list":["post-2331","post","type-post","status-publish","format-standard","hentry","category-1r-promo-21-29","category-portada","category-primaria"],"post_mailing_queue_ids":[],"_links":{"self":[{"href":"https:\/\/agora.xtec.cat\/esc-laplana\/wp-json\/wp\/v2\/posts\/2331","targetHints":{"allow":["GET"]}}],"collection":[{"href":"https:\/\/agora.xtec.cat\/esc-laplana\/wp-json\/wp\/v2\/posts"}],"about":[{"href":"https:\/\/agora.xtec.cat\/esc-laplana\/wp-json\/wp\/v2\/types\/post"}],"author":[{"embeddable":true,"href":"https:\/\/agora.xtec.cat\/esc-laplana\/wp-json\/wp\/v2\/users\/1"}],"replies":[{"embeddable":true,"href":"https:\/\/agora.xtec.cat\/esc-laplana\/wp-json\/wp\/v2\/comments?post=2331"}],"version-history":[{"count":1,"href":"https:\/\/agora.xtec.cat\/esc-laplana\/wp-json\/wp\/v2\/posts\/2331\/revisions"}],"predecessor-version":[{"id":2333,"href":"https:\/\/agora.xtec.cat\/esc-laplana\/wp-json\/wp\/v2\/posts\/2331\/revisions\/2333"}],"wp:attachment":[{"href":"https:\/\/agora.xtec.cat\/esc-laplana\/wp-json\/wp\/v2\/media?parent=2331"}],"wp:term":[{"taxonomy":"category","embeddable":true,"href":"https:\/\/agora.xtec.cat\/esc-laplana\/wp-json\/wp\/v2\/categories?post=2331"},{"taxonomy":"post_tag","embeddable":true,"href":"https:\/\/agora.xtec.cat\/esc-laplana\/wp-json\/wp\/v2\/tags?post=2331"}],"curies":[{"name":"wp","href":"https:\/\/api.w.org\/{rel}","templated":true}]}}