{"id":2306,"date":"2025-04-22T10:27:12","date_gmt":"2025-04-22T08:27:12","guid":{"rendered":"https:\/\/agora.xtec.cat\/esc-laplana\/?p=2306"},"modified":"2025-04-22T23:02:39","modified_gmt":"2025-04-22T21:02:39","slug":"fem-planter-i-preparem-lhort-destiu","status":"publish","type":"post","link":"https:\/\/agora.xtec.cat\/esc-laplana\/general\/fem-planter-i-preparem-lhort-destiu\/","title":{"rendered":"Fem planter i preparem l&#8217;hort d&#8217;estiu"},"content":{"rendered":"<p>Durant els mesos d&#8217;hivern i principis de primavera, la feina a l&#8217;hort tamb\u00e9 \u00e9s molt important. Pels voltants de Santa \u00c0gueda hem fet el planter i durant l&#8217;abril hem transplantat aquest planter a la terra per tal de poder-ho collir cap al juny. <a href=\"https:\/\/drive.google.com\/drive\/folders\/1z6qhssJ-ztpjR9Ph6EpZ2Q9JJoVDOmyw?usp=sharing\">Si voleu veure les fotos cliqueu a l&#8217;enlla\u00e7.<\/a><\/p>\n<p><a href=\"https:\/\/drive.google.com\/drive\/folders\/1z6qhssJ-ztpjR9Ph6EpZ2Q9JJoVDOmyw?usp=sharing\"><img loading=\"lazy\" decoding=\"async\" class=\"aligncenter\" src=\"https:\/\/media0.giphy.com\/media\/Iccijnd5v0XuXwQf6D\/200w.gif?cid=6c09b952bai21s80lc2ci2czhqjdn5ioegdn6gz32jbu266r&amp;ep=v1_stickers_search&amp;rid=200w.gif&amp;ct=s\" alt=\"\" width=\"268\" height=\"268\" \/><\/a><\/p>\n","protected":false},"excerpt":{"rendered":"<p>Durant els mesos d&#8217;hivern i principis de primavera, la feina a l&#8217;hort tamb\u00e9 \u00e9s molt important. Pels voltants de Santa \u00c0gueda hem fet el planter i durant l&#8217;abril hem transplantat aquest planter a la terra per tal de poder-ho collir cap al juny. <a href=\"https:\/\/drive.google.com\/drive\/folders\/1z6qhssJ-ztpjR9Ph6EpZ2Q9JJoVDOmyw?usp=sharing\">Si&hellip;  <a href=\"https:\/\/agora.xtec.cat\/esc-laplana\/general\/fem-planter-i-preparem-lhort-destiu\/\" title=\"Read Fem planter i preparem l&#8217;hort d&#8217;estiu\">Llegeix m\u00e9s\u00bb<\/a><\/p>\n","protected":false},"author":27,"featured_media":0,"comment_status":"open","ping_status":"closed","sticky":false,"template":"","format":"standard","meta":{"_bbp_topic_count":0,"_bbp_reply_count":0,"_bbp_total_topic_count":0,"_bbp_total_reply_count":0,"_bbp_voice_count":0,"_bbp_anonymous_reply_count":0,"_bbp_topic_count_hidden":0,"_bbp_reply_count_hidden":0,"_bbp_forum_subforum_count":0,"footnotes":""},"categories":[1,69,4],"tags":[],"class_list":["post-2306","post","type-post","status-publish","format-standard","hentry","category-general","category-hort","category-portada"],"post_mailing_queue_ids":[],"_links":{"self":[{"href":"https:\/\/agora.xtec.cat\/esc-laplana\/wp-json\/wp\/v2\/posts\/2306","targetHints":{"allow":["GET"]}}],"collection":[{"href":"https:\/\/agora.xtec.cat\/esc-laplana\/wp-json\/wp\/v2\/posts"}],"about":[{"href":"https:\/\/agora.xtec.cat\/esc-laplana\/wp-json\/wp\/v2\/types\/post"}],"author":[{"embeddable":true,"href":"https:\/\/agora.xtec.cat\/esc-laplana\/wp-json\/wp\/v2\/users\/27"}],"replies":[{"embeddable":true,"href":"https:\/\/agora.xtec.cat\/esc-laplana\/wp-json\/wp\/v2\/comments?post=2306"}],"version-history":[{"count":3,"href":"https:\/\/agora.xtec.cat\/esc-laplana\/wp-json\/wp\/v2\/posts\/2306\/revisions"}],"predecessor-version":[{"id":2315,"href":"https:\/\/agora.xtec.cat\/esc-laplana\/wp-json\/wp\/v2\/posts\/2306\/revisions\/2315"}],"wp:attachment":[{"href":"https:\/\/agora.xtec.cat\/esc-laplana\/wp-json\/wp\/v2\/media?parent=2306"}],"wp:term":[{"taxonomy":"category","embeddable":true,"href":"https:\/\/agora.xtec.cat\/esc-laplana\/wp-json\/wp\/v2\/categories?post=2306"},{"taxonomy":"post_tag","embeddable":true,"href":"https:\/\/agora.xtec.cat\/esc-laplana\/wp-json\/wp\/v2\/tags?post=2306"}],"curies":[{"name":"wp","href":"https:\/\/api.w.org\/{rel}","templated":true}]}}