{"id":2301,"date":"2025-04-22T10:16:53","date_gmt":"2025-04-22T08:16:53","guid":{"rendered":"https:\/\/agora.xtec.cat\/esc-laplana\/?p=2301"},"modified":"2025-04-22T23:01:45","modified_gmt":"2025-04-22T21:01:45","slug":"la-calcotada-de-cicle-mitja","status":"publish","type":"post","link":"https:\/\/agora.xtec.cat\/esc-laplana\/general\/la-calcotada-de-cicle-mitja\/","title":{"rendered":"La cal\u00e7otada de cicle mitj\u00e0"},"content":{"rendered":"<p style=\"text-align: left;\">El passat dia <strong>7 de mar\u00e7<\/strong> tingu\u00e9 lloc, despr\u00e9s de diferents ajornaments deguts a la meteorologia, la tradicional <strong>cal\u00e7otada de cicle mitj\u00e0<\/strong>. Aix\u00ed, els alumnes tingueren l&#8217;oportunitat de recollir, coure i tastar els cal\u00e7ots que havien plantat i cuidat des de l&#8217;octubre. <a href=\"https:\/\/drive.google.com\/drive\/folders\/18LTb8BBMpmpj6ezrn9Uyt5pTRDt0k3an?usp=sharing\">Si cliqueu a l&#8217;enlla\u00e7 podreu veure les imatges<\/a>.<a href=\"https:\/\/drive.google.com\/drive\/folders\/18LTb8BBMpmpj6ezrn9Uyt5pTRDt0k3an?usp=sharing\"><img loading=\"lazy\" decoding=\"async\" class=\"aligncenter wp-image-1615 size-full\" src=\"https:\/\/agora.xtec.cat\/esc-laplana\/wp-content\/uploads\/usu2664\/2024\/02\/images.jpeg\" alt=\"\" width=\"304\" height=\"166\" srcset=\"https:\/\/agora.xtec.cat\/esc-laplana\/wp-content\/uploads\/usu2664\/2024\/02\/images.jpeg 304w, https:\/\/agora.xtec.cat\/esc-laplana\/wp-content\/uploads\/usu2664\/2024\/02\/images-300x164.jpeg 300w\" sizes=\"auto, (max-width: 304px) 100vw, 304px\" \/><\/a><\/p>\n","protected":false},"excerpt":{"rendered":"<p>El passat dia 7 de mar\u00e7 tingu\u00e9 lloc, despr\u00e9s de diferents ajornaments deguts a la meteorologia, la tradicional cal\u00e7otada de cicle mitj\u00e0. Aix\u00ed, els alumnes tingueren l&#8217;oportunitat de recollir, coure i tastar els cal\u00e7ots que havien plantat i cuidat des de l&#8217;octubre. <a href=\"https:\/\/drive.google.com\/drive\/folders\/18LTb8BBMpmpj6ezrn9Uyt5pTRDt0k3an?usp=sharing\">Si cliqueu&hellip;  <a href=\"https:\/\/agora.xtec.cat\/esc-laplana\/general\/la-calcotada-de-cicle-mitja\/\" title=\"Read La cal\u00e7otada de cicle mitj\u00e0\">Llegeix m\u00e9s\u00bb<\/a><\/p>\n","protected":false},"author":27,"featured_media":0,"comment_status":"open","ping_status":"closed","sticky":false,"template":"","format":"standard","meta":{"_bbp_topic_count":0,"_bbp_reply_count":0,"_bbp_total_topic_count":0,"_bbp_total_reply_count":0,"_bbp_voice_count":0,"_bbp_anonymous_reply_count":0,"_bbp_topic_count_hidden":0,"_bbp_reply_count_hidden":0,"_bbp_forum_subforum_count":0,"footnotes":""},"categories":[9,10,1,69,4],"tags":[],"class_list":["post-2301","post","type-post","status-publish","format-standard","hentry","category-2n-promo-20-28","category-3r-promo-19-27","category-general","category-hort","category-portada"],"post_mailing_queue_ids":[],"_links":{"self":[{"href":"https:\/\/agora.xtec.cat\/esc-laplana\/wp-json\/wp\/v2\/posts\/2301","targetHints":{"allow":["GET"]}}],"collection":[{"href":"https:\/\/agora.xtec.cat\/esc-laplana\/wp-json\/wp\/v2\/posts"}],"about":[{"href":"https:\/\/agora.xtec.cat\/esc-laplana\/wp-json\/wp\/v2\/types\/post"}],"author":[{"embeddable":true,"href":"https:\/\/agora.xtec.cat\/esc-laplana\/wp-json\/wp\/v2\/users\/27"}],"replies":[{"embeddable":true,"href":"https:\/\/agora.xtec.cat\/esc-laplana\/wp-json\/wp\/v2\/comments?post=2301"}],"version-history":[{"count":4,"href":"https:\/\/agora.xtec.cat\/esc-laplana\/wp-json\/wp\/v2\/posts\/2301\/revisions"}],"predecessor-version":[{"id":2314,"href":"https:\/\/agora.xtec.cat\/esc-laplana\/wp-json\/wp\/v2\/posts\/2301\/revisions\/2314"}],"wp:attachment":[{"href":"https:\/\/agora.xtec.cat\/esc-laplana\/wp-json\/wp\/v2\/media?parent=2301"}],"wp:term":[{"taxonomy":"category","embeddable":true,"href":"https:\/\/agora.xtec.cat\/esc-laplana\/wp-json\/wp\/v2\/categories?post=2301"},{"taxonomy":"post_tag","embeddable":true,"href":"https:\/\/agora.xtec.cat\/esc-laplana\/wp-json\/wp\/v2\/tags?post=2301"}],"curies":[{"name":"wp","href":"https:\/\/api.w.org\/{rel}","templated":true}]}}