{"id":2299,"date":"2025-04-22T10:10:40","date_gmt":"2025-04-22T08:10:40","guid":{"rendered":"https:\/\/agora.xtec.cat\/esc-laplana\/?p=2299"},"modified":"2025-05-19T15:15:19","modified_gmt":"2025-05-19T13:15:19","slug":"fem-teatre","status":"publish","type":"post","link":"https:\/\/agora.xtec.cat\/esc-laplana\/general\/fem-teatre\/","title":{"rendered":"Fem teatre"},"content":{"rendered":"<p>Els passats dies <strong>26, 27 i 28 de mar\u00e7<\/strong>, es van dur a terme les <strong>obres de teatre de cicle superior, inicial i mitj\u00e0<\/strong> a l&#8217;escola. Les obres es van treballar durant les sessions d&#8217;expressi\u00f3 oral i es van representar per les fam\u00edlies, rebent una molt bona acollida. Podeu tornar-les a veure <a href=\"https:\/\/drive.google.com\/drive\/folders\/1X5pznMofkykBkuYWS_yKL7V2dEg2p2i4?usp=sharing\">si cliqueu a l&#8217;enlla\u00e7.<\/a><\/p>\n<p><a href=\"https:\/\/drive.google.com\/drive\/folders\/1M4-TRXzWpsrSTTA2UQaV40eJEwN6PXDt?usp=sharing\"><img loading=\"lazy\" decoding=\"async\" class=\"alignnone wp-image-2317\" src=\"https:\/\/agora.xtec.cat\/esc-laplana\/wp-content\/uploads\/usu2664\/2025\/04\/cicle-inicial1-1024x724.jpeg\" alt=\"\" width=\"515\" height=\"364\" srcset=\"https:\/\/agora.xtec.cat\/esc-laplana\/wp-content\/uploads\/usu2664\/2025\/04\/cicle-inicial1-1024x724.jpeg 1024w, https:\/\/agora.xtec.cat\/esc-laplana\/wp-content\/uploads\/usu2664\/2025\/04\/cicle-inicial1-300x212.jpeg 300w, https:\/\/agora.xtec.cat\/esc-laplana\/wp-content\/uploads\/usu2664\/2025\/04\/cicle-inicial1-768x543.jpeg 768w, https:\/\/agora.xtec.cat\/esc-laplana\/wp-content\/uploads\/usu2664\/2025\/04\/cicle-inicial1-1536x1086.jpeg 1536w, https:\/\/agora.xtec.cat\/esc-laplana\/wp-content\/uploads\/usu2664\/2025\/04\/cicle-inicial1.jpeg 2000w\" sizes=\"auto, (max-width: 515px) 100vw, 515px\" \/><\/a><\/p>\n<p><a href=\"https:\/\/drive.google.com\/file\/d\/1534P1mt4vcbOgB0HK81M8o2M56jemIZ6\/view?usp=drive_link\"><img loading=\"lazy\" decoding=\"async\" class=\"alignnone wp-image-2316\" src=\"https:\/\/agora.xtec.cat\/esc-laplana\/wp-content\/uploads\/usu2664\/2025\/04\/cicle-inicial-1024x724.jpeg\" alt=\"\" width=\"533\" height=\"377\" srcset=\"https:\/\/agora.xtec.cat\/esc-laplana\/wp-content\/uploads\/usu2664\/2025\/04\/cicle-inicial-1024x724.jpeg 1024w, https:\/\/agora.xtec.cat\/esc-laplana\/wp-content\/uploads\/usu2664\/2025\/04\/cicle-inicial-300x212.jpeg 300w, https:\/\/agora.xtec.cat\/esc-laplana\/wp-content\/uploads\/usu2664\/2025\/04\/cicle-inicial-768x543.jpeg 768w, https:\/\/agora.xtec.cat\/esc-laplana\/wp-content\/uploads\/usu2664\/2025\/04\/cicle-inicial-1536x1086.jpeg 1536w, https:\/\/agora.xtec.cat\/esc-laplana\/wp-content\/uploads\/usu2664\/2025\/04\/cicle-inicial.jpeg 2000w\" sizes=\"auto, (max-width: 533px) 100vw, 533px\" \/><\/a><\/p>\n<p><a href=\"https:\/\/drive.google.com\/file\/d\/15iFBaIGti9TCZ1PYj7tAWomwUjSUuTT-\/view?usp=drive_link\"><img loading=\"lazy\" decoding=\"async\" class=\"alignnone wp-image-2318\" src=\"https:\/\/agora.xtec.cat\/esc-laplana\/wp-content\/uploads\/usu2664\/2025\/04\/cicle-inicial2-1024x724.jpeg\" alt=\"\" width=\"543\" height=\"384\" srcset=\"https:\/\/agora.xtec.cat\/esc-laplana\/wp-content\/uploads\/usu2664\/2025\/04\/cicle-inicial2-1024x724.jpeg 1024w, https:\/\/agora.xtec.cat\/esc-laplana\/wp-content\/uploads\/usu2664\/2025\/04\/cicle-inicial2-300x212.jpeg 300w, https:\/\/agora.xtec.cat\/esc-laplana\/wp-content\/uploads\/usu2664\/2025\/04\/cicle-inicial2-768x543.jpeg 768w, https:\/\/agora.xtec.cat\/esc-laplana\/wp-content\/uploads\/usu2664\/2025\/04\/cicle-inicial2-1536x1086.jpeg 1536w, https:\/\/agora.xtec.cat\/esc-laplana\/wp-content\/uploads\/usu2664\/2025\/04\/cicle-inicial2.jpeg 2000w\" sizes=\"auto, (max-width: 543px) 100vw, 543px\" \/><\/a><\/p>\n<p>&nbsp;<\/p>\n","protected":false},"excerpt":{"rendered":"<p>Els passats dies 26, 27 i 28 de mar\u00e7, es van dur a terme les obres de teatre de cicle superior, inicial i mitj\u00e0 a l&#8217;escola. Les obres es van treballar durant les sessions d&#8217;expressi\u00f3 oral i es van representar per les fam\u00edlies, rebent una&hellip;  <a href=\"https:\/\/agora.xtec.cat\/esc-laplana\/general\/fem-teatre\/\" title=\"Read Fem teatre\">Llegeix m\u00e9s\u00bb<\/a><\/p>\n","protected":false},"author":27,"featured_media":0,"comment_status":"open","ping_status":"closed","sticky":false,"template":"","format":"standard","meta":{"_bbp_topic_count":0,"_bbp_reply_count":0,"_bbp_total_topic_count":0,"_bbp_total_reply_count":0,"_bbp_voice_count":0,"_bbp_anonymous_reply_count":0,"_bbp_topic_count_hidden":0,"_bbp_reply_count_hidden":0,"_bbp_forum_subforum_count":0,"footnotes":""},"categories":[1,4],"tags":[],"class_list":["post-2299","post","type-post","status-publish","format-standard","hentry","category-general","category-portada"],"post_mailing_queue_ids":[],"_links":{"self":[{"href":"https:\/\/agora.xtec.cat\/esc-laplana\/wp-json\/wp\/v2\/posts\/2299","targetHints":{"allow":["GET"]}}],"collection":[{"href":"https:\/\/agora.xtec.cat\/esc-laplana\/wp-json\/wp\/v2\/posts"}],"about":[{"href":"https:\/\/agora.xtec.cat\/esc-laplana\/wp-json\/wp\/v2\/types\/post"}],"author":[{"embeddable":true,"href":"https:\/\/agora.xtec.cat\/esc-laplana\/wp-json\/wp\/v2\/users\/27"}],"replies":[{"embeddable":true,"href":"https:\/\/agora.xtec.cat\/esc-laplana\/wp-json\/wp\/v2\/comments?post=2299"}],"version-history":[{"count":4,"href":"https:\/\/agora.xtec.cat\/esc-laplana\/wp-json\/wp\/v2\/posts\/2299\/revisions"}],"predecessor-version":[{"id":2373,"href":"https:\/\/agora.xtec.cat\/esc-laplana\/wp-json\/wp\/v2\/posts\/2299\/revisions\/2373"}],"wp:attachment":[{"href":"https:\/\/agora.xtec.cat\/esc-laplana\/wp-json\/wp\/v2\/media?parent=2299"}],"wp:term":[{"taxonomy":"category","embeddable":true,"href":"https:\/\/agora.xtec.cat\/esc-laplana\/wp-json\/wp\/v2\/categories?post=2299"},{"taxonomy":"post_tag","embeddable":true,"href":"https:\/\/agora.xtec.cat\/esc-laplana\/wp-json\/wp\/v2\/tags?post=2299"}],"curies":[{"name":"wp","href":"https:\/\/api.w.org\/{rel}","templated":true}]}}