{"id":2295,"date":"2025-04-13T13:26:39","date_gmt":"2025-04-13T11:26:39","guid":{"rendered":"https:\/\/agora.xtec.cat\/esc-laplana\/?p=2295"},"modified":"2025-04-22T23:00:27","modified_gmt":"2025-04-22T21:00:27","slug":"ens-han-visitat-avies-recuperadores-de-contes","status":"publish","type":"post","link":"https:\/\/agora.xtec.cat\/esc-laplana\/general\/ens-han-visitat-avies-recuperadores-de-contes\/","title":{"rendered":"Ens han visitat \u00e0vies recuperadores de contes!"},"content":{"rendered":"<p>El passat 1 d&#8217;abril, van visitar la nostra escola, dues \u00e0vies que s\u00f3n mestres jubilades: la Josepa i la N\u00faria. Formen part del Projecte MARC (Mestres \u00c0vies Recuperadores de Contes) que pret\u00e9n compartir estones amb els infants, tot transmetent contes plens de valors, hist\u00f2ria i m\u00e0gia.<\/p>\n<p>Va ser una jornada molt especial, perqu\u00e8 ens van explicar moltes hist\u00f2ries, jocs i moixaines.<\/p>\n<p>Moltes gr\u00e0cies per venir a la nostra escola!<\/p>\n<p>\u00c9s un plaer poder gaudir de moments tan encissadors.<\/p>\n<p><strong>Feu &#8220;clic&#8221; damunt de la fotografia oer veure algunes imatges.<\/strong><\/p>\n<p><a href=\"https:\/\/drive.google.com\/drive\/folders\/1L0JcuWq5xk5_zgpeILyiPeTGAvfrcf9W?usp=sharing\"><img loading=\"lazy\" decoding=\"async\" class=\"alignnone size-large wp-image-2296\" src=\"https:\/\/agora.xtec.cat\/esc-laplana\/wp-content\/uploads\/usu2664\/2025\/04\/Projecte-MARC-2-1024x768.jpg\" alt=\"\" width=\"1024\" height=\"768\" srcset=\"https:\/\/agora.xtec.cat\/esc-laplana\/wp-content\/uploads\/usu2664\/2025\/04\/Projecte-MARC-2-1024x768.jpg 1024w, https:\/\/agora.xtec.cat\/esc-laplana\/wp-content\/uploads\/usu2664\/2025\/04\/Projecte-MARC-2-300x225.jpg 300w, https:\/\/agora.xtec.cat\/esc-laplana\/wp-content\/uploads\/usu2664\/2025\/04\/Projecte-MARC-2-768x576.jpg 768w, https:\/\/agora.xtec.cat\/esc-laplana\/wp-content\/uploads\/usu2664\/2025\/04\/Projecte-MARC-2-1536x1152.jpg 1536w, https:\/\/agora.xtec.cat\/esc-laplana\/wp-content\/uploads\/usu2664\/2025\/04\/Projecte-MARC-2-2048x1536.jpg 2048w, https:\/\/agora.xtec.cat\/esc-laplana\/wp-content\/uploads\/usu2664\/2025\/04\/Projecte-MARC-2-200x150.jpg 200w\" sizes=\"auto, (max-width: 1024px) 100vw, 1024px\" \/><\/a><\/p>\n","protected":false},"excerpt":{"rendered":"<p>El passat 1 d&#8217;abril, van visitar la nostra escola, dues \u00e0vies que s\u00f3n mestres jubilades: la Josepa i la N\u00faria. Formen part del Projecte MARC (Mestres \u00c0vies Recuperadores de Contes) que pret\u00e9n compartir estones amb els infants, tot transmetent contes plens de valors, hist\u00f2ria i&hellip;  <a href=\"https:\/\/agora.xtec.cat\/esc-laplana\/general\/ens-han-visitat-avies-recuperadores-de-contes\/\" title=\"Read Ens han visitat \u00e0vies recuperadores de contes!\">Llegeix m\u00e9s\u00bb<\/a><\/p>\n","protected":false},"author":1,"featured_media":0,"comment_status":"open","ping_status":"closed","sticky":false,"template":"","format":"standard","meta":{"_bbp_topic_count":0,"_bbp_reply_count":0,"_bbp_total_topic_count":0,"_bbp_total_reply_count":0,"_bbp_voice_count":0,"_bbp_anonymous_reply_count":0,"_bbp_topic_count_hidden":0,"_bbp_reply_count_hidden":0,"_bbp_forum_subforum_count":0,"footnotes":""},"categories":[62,8,9,10,1,74,4],"tags":[],"class_list":["post-2295","post","type-post","status-publish","format-standard","hentry","category-i5-promo-22-30","category-1r-promo-21-29","category-2n-promo-20-28","category-3r-promo-19-27","category-general","category-infantil","category-portada"],"post_mailing_queue_ids":[],"_links":{"self":[{"href":"https:\/\/agora.xtec.cat\/esc-laplana\/wp-json\/wp\/v2\/posts\/2295","targetHints":{"allow":["GET"]}}],"collection":[{"href":"https:\/\/agora.xtec.cat\/esc-laplana\/wp-json\/wp\/v2\/posts"}],"about":[{"href":"https:\/\/agora.xtec.cat\/esc-laplana\/wp-json\/wp\/v2\/types\/post"}],"author":[{"embeddable":true,"href":"https:\/\/agora.xtec.cat\/esc-laplana\/wp-json\/wp\/v2\/users\/1"}],"replies":[{"embeddable":true,"href":"https:\/\/agora.xtec.cat\/esc-laplana\/wp-json\/wp\/v2\/comments?post=2295"}],"version-history":[{"count":3,"href":"https:\/\/agora.xtec.cat\/esc-laplana\/wp-json\/wp\/v2\/posts\/2295\/revisions"}],"predecessor-version":[{"id":2313,"href":"https:\/\/agora.xtec.cat\/esc-laplana\/wp-json\/wp\/v2\/posts\/2295\/revisions\/2313"}],"wp:attachment":[{"href":"https:\/\/agora.xtec.cat\/esc-laplana\/wp-json\/wp\/v2\/media?parent=2295"}],"wp:term":[{"taxonomy":"category","embeddable":true,"href":"https:\/\/agora.xtec.cat\/esc-laplana\/wp-json\/wp\/v2\/categories?post=2295"},{"taxonomy":"post_tag","embeddable":true,"href":"https:\/\/agora.xtec.cat\/esc-laplana\/wp-json\/wp\/v2\/tags?post=2295"}],"curies":[{"name":"wp","href":"https:\/\/api.w.org\/{rel}","templated":true}]}}