{"id":2286,"date":"2025-04-10T23:59:28","date_gmt":"2025-04-10T21:59:28","guid":{"rendered":"https:\/\/agora.xtec.cat\/esc-laplana\/?p=2286"},"modified":"2025-04-10T23:59:55","modified_gmt":"2025-04-10T21:59:55","slug":"roda-de-contes-a-ci-dora-i-nahia","status":"publish","type":"post","link":"https:\/\/agora.xtec.cat\/esc-laplana\/general\/roda-de-contes-a-ci-dora-i-nahia\/","title":{"rendered":"RODA DE CONTES A CI: Dora i Nahia!"},"content":{"rendered":"<p style=\"text-align: justify;\">Aquesta tarda hem continuat la roda de contes de Cicle Inicial amb la Dora i la Nahia que ens han explicat 2 hist\u00f2ries molt boniques. La Dora ens ha portat un peluix ben especial i ens ha explicat un conte sobre un nino titulat &#8220;L&#8217;osset de la Tania&#8221;. La Nahia, en canvi, ens ha llegit un conte sobre un gatet que tenia una sorpresa ben amagada el&#8221;Pirata&#8221; i ha preparat uns p\u00f3sters amb uns dibuixos preciosos.<\/p>\n<p style=\"text-align: justify;\">Ho han fet molt i molt b\u00e9! Enhorabona i moltes gr\u00e0cies a la seva fam\u00edlia per ajudar-los a preparar aquesta activitat!<\/p>\n<p style=\"text-align: justify;\">Ja tenim moltes ganes d&#8217;escoltar dos contes m\u00e9s la propera setmana!<\/p>\n<p><img loading=\"lazy\" decoding=\"async\" class=\"alignnone wp-image-2287\" src=\"https:\/\/agora.xtec.cat\/esc-laplana\/wp-content\/uploads\/usu2664\/2025\/04\/N-ID-1-1024x768.jpeg\" alt=\"\" width=\"635\" height=\"476\" srcset=\"https:\/\/agora.xtec.cat\/esc-laplana\/wp-content\/uploads\/usu2664\/2025\/04\/N-ID-1-1024x768.jpeg 1024w, https:\/\/agora.xtec.cat\/esc-laplana\/wp-content\/uploads\/usu2664\/2025\/04\/N-ID-1-300x225.jpeg 300w, https:\/\/agora.xtec.cat\/esc-laplana\/wp-content\/uploads\/usu2664\/2025\/04\/N-ID-1-768x576.jpeg 768w, https:\/\/agora.xtec.cat\/esc-laplana\/wp-content\/uploads\/usu2664\/2025\/04\/N-ID-1-1536x1152.jpeg 1536w, https:\/\/agora.xtec.cat\/esc-laplana\/wp-content\/uploads\/usu2664\/2025\/04\/N-ID-1-2048x1536.jpeg 2048w, https:\/\/agora.xtec.cat\/esc-laplana\/wp-content\/uploads\/usu2664\/2025\/04\/N-ID-1-200x150.jpeg 200w\" sizes=\"auto, (max-width: 635px) 100vw, 635px\" \/><\/p>\n","protected":false},"excerpt":{"rendered":"<p>Aquesta tarda hem continuat la roda de contes de Cicle Inicial amb la Dora i la Nahia que ens han explicat 2 hist\u00f2ries molt boniques. La Dora ens ha portat un peluix ben especial i ens ha explicat un conte sobre un nino titulat &#8220;L&#8217;osset&hellip;  <a href=\"https:\/\/agora.xtec.cat\/esc-laplana\/general\/roda-de-contes-a-ci-dora-i-nahia\/\" title=\"Read RODA DE CONTES A CI: Dora i Nahia!\">Llegeix m\u00e9s\u00bb<\/a><\/p>\n","protected":false},"author":1,"featured_media":0,"comment_status":"open","ping_status":"closed","sticky":false,"template":"","format":"standard","meta":{"_bbp_topic_count":0,"_bbp_reply_count":0,"_bbp_total_topic_count":0,"_bbp_total_reply_count":0,"_bbp_voice_count":0,"_bbp_anonymous_reply_count":0,"_bbp_topic_count_hidden":0,"_bbp_reply_count_hidden":0,"_bbp_forum_subforum_count":0,"footnotes":""},"categories":[8,1,4,5],"tags":[],"class_list":["post-2286","post","type-post","status-publish","format-standard","hentry","category-1r-promo-21-29","category-general","category-portada","category-primaria"],"post_mailing_queue_ids":[],"_links":{"self":[{"href":"https:\/\/agora.xtec.cat\/esc-laplana\/wp-json\/wp\/v2\/posts\/2286","targetHints":{"allow":["GET"]}}],"collection":[{"href":"https:\/\/agora.xtec.cat\/esc-laplana\/wp-json\/wp\/v2\/posts"}],"about":[{"href":"https:\/\/agora.xtec.cat\/esc-laplana\/wp-json\/wp\/v2\/types\/post"}],"author":[{"embeddable":true,"href":"https:\/\/agora.xtec.cat\/esc-laplana\/wp-json\/wp\/v2\/users\/1"}],"replies":[{"embeddable":true,"href":"https:\/\/agora.xtec.cat\/esc-laplana\/wp-json\/wp\/v2\/comments?post=2286"}],"version-history":[{"count":1,"href":"https:\/\/agora.xtec.cat\/esc-laplana\/wp-json\/wp\/v2\/posts\/2286\/revisions"}],"predecessor-version":[{"id":2288,"href":"https:\/\/agora.xtec.cat\/esc-laplana\/wp-json\/wp\/v2\/posts\/2286\/revisions\/2288"}],"wp:attachment":[{"href":"https:\/\/agora.xtec.cat\/esc-laplana\/wp-json\/wp\/v2\/media?parent=2286"}],"wp:term":[{"taxonomy":"category","embeddable":true,"href":"https:\/\/agora.xtec.cat\/esc-laplana\/wp-json\/wp\/v2\/categories?post=2286"},{"taxonomy":"post_tag","embeddable":true,"href":"https:\/\/agora.xtec.cat\/esc-laplana\/wp-json\/wp\/v2\/tags?post=2286"}],"curies":[{"name":"wp","href":"https:\/\/api.w.org\/{rel}","templated":true}]}}