{"id":2282,"date":"2025-04-08T23:58:25","date_gmt":"2025-04-08T21:58:25","guid":{"rendered":"https:\/\/agora.xtec.cat\/esc-laplana\/?p=2282"},"modified":"2025-04-08T23:59:37","modified_gmt":"2025-04-08T21:59:37","slug":"jornada-interesportiva-cm","status":"publish","type":"post","link":"https:\/\/agora.xtec.cat\/esc-laplana\/general\/jornada-interesportiva-cm\/","title":{"rendered":"JORNADA INTERESPORTIVA CM!"},"content":{"rendered":"<p style=\"text-align: justify;\">Ahir dia 7 d&#8217;abril, l&#8217;alumnat de Cicle Mitj\u00e0 va participar a la Jornada Interesportiva que es va celebrar a l&#8217;Estadi Municipal d&#8217;Esports de Vila-Seca. All\u00ed van poder passar un mat\u00ed juntament amb altres escoles del municipi fent diferents jocs i esports. Van tornar a l&#8217;escola lluint unes medalles ben maques! Aquesta activitat que forma part del Pla Educatiu d&#8217;Entorn organitzat per l&#8217;Ajuntament de Vila-Seca va comptar amb la pres\u00e8ncia del regidor d&#8217;Assumptes de la Plana, Via P\u00fablica i Vialitat Rural Miguel \u00c1ngel Almansa i la regidora d&#8217;esports S\u00edlvia Herrera. Ja volem tornar el curs que ve!<\/p>\n<p><strong>Si voleu veure altres fotografies feu &#8220;clic&#8221; a sobre la imatge.<\/strong><\/p>\n<p><a href=\"https:\/\/drive.google.com\/drive\/folders\/1LC_DL7VatG7PYeBh1ebvgLQ1siRQUhD2?usp=sharing\"><img loading=\"lazy\" decoding=\"async\" class=\"alignnone wp-image-2283\" src=\"https:\/\/agora.xtec.cat\/esc-laplana\/wp-content\/uploads\/usu2664\/2025\/04\/estadi-3-1-1024x768.jpeg\" alt=\"\" width=\"517\" height=\"388\" srcset=\"https:\/\/agora.xtec.cat\/esc-laplana\/wp-content\/uploads\/usu2664\/2025\/04\/estadi-3-1-1024x768.jpeg 1024w, https:\/\/agora.xtec.cat\/esc-laplana\/wp-content\/uploads\/usu2664\/2025\/04\/estadi-3-1-300x225.jpeg 300w, https:\/\/agora.xtec.cat\/esc-laplana\/wp-content\/uploads\/usu2664\/2025\/04\/estadi-3-1-768x576.jpeg 768w, https:\/\/agora.xtec.cat\/esc-laplana\/wp-content\/uploads\/usu2664\/2025\/04\/estadi-3-1-1536x1152.jpeg 1536w, https:\/\/agora.xtec.cat\/esc-laplana\/wp-content\/uploads\/usu2664\/2025\/04\/estadi-3-1-2048x1536.jpeg 2048w, https:\/\/agora.xtec.cat\/esc-laplana\/wp-content\/uploads\/usu2664\/2025\/04\/estadi-3-1-200x150.jpeg 200w\" sizes=\"auto, (max-width: 517px) 100vw, 517px\" \/><\/a><\/p>\n","protected":false},"excerpt":{"rendered":"<p>Ahir dia 7 d&#8217;abril, l&#8217;alumnat de Cicle Mitj\u00e0 va participar a la Jornada Interesportiva que es va celebrar a l&#8217;Estadi Municipal d&#8217;Esports de Vila-Seca. All\u00ed van poder passar un mat\u00ed juntament amb altres escoles del municipi fent diferents jocs i esports. Van tornar a l&#8217;escola&hellip;  <a href=\"https:\/\/agora.xtec.cat\/esc-laplana\/general\/jornada-interesportiva-cm\/\" title=\"Read JORNADA INTERESPORTIVA CM!\">Llegeix m\u00e9s\u00bb<\/a><\/p>\n","protected":false},"author":1,"featured_media":0,"comment_status":"open","ping_status":"closed","sticky":false,"template":"","format":"standard","meta":{"_bbp_topic_count":0,"_bbp_reply_count":0,"_bbp_total_topic_count":0,"_bbp_total_reply_count":0,"_bbp_voice_count":0,"_bbp_anonymous_reply_count":0,"_bbp_topic_count_hidden":0,"_bbp_reply_count_hidden":0,"_bbp_forum_subforum_count":0,"footnotes":""},"categories":[9,10,1,4],"tags":[],"class_list":["post-2282","post","type-post","status-publish","format-standard","hentry","category-2n-promo-20-28","category-3r-promo-19-27","category-general","category-portada"],"post_mailing_queue_ids":[],"_links":{"self":[{"href":"https:\/\/agora.xtec.cat\/esc-laplana\/wp-json\/wp\/v2\/posts\/2282","targetHints":{"allow":["GET"]}}],"collection":[{"href":"https:\/\/agora.xtec.cat\/esc-laplana\/wp-json\/wp\/v2\/posts"}],"about":[{"href":"https:\/\/agora.xtec.cat\/esc-laplana\/wp-json\/wp\/v2\/types\/post"}],"author":[{"embeddable":true,"href":"https:\/\/agora.xtec.cat\/esc-laplana\/wp-json\/wp\/v2\/users\/1"}],"replies":[{"embeddable":true,"href":"https:\/\/agora.xtec.cat\/esc-laplana\/wp-json\/wp\/v2\/comments?post=2282"}],"version-history":[{"count":2,"href":"https:\/\/agora.xtec.cat\/esc-laplana\/wp-json\/wp\/v2\/posts\/2282\/revisions"}],"predecessor-version":[{"id":2285,"href":"https:\/\/agora.xtec.cat\/esc-laplana\/wp-json\/wp\/v2\/posts\/2282\/revisions\/2285"}],"wp:attachment":[{"href":"https:\/\/agora.xtec.cat\/esc-laplana\/wp-json\/wp\/v2\/media?parent=2282"}],"wp:term":[{"taxonomy":"category","embeddable":true,"href":"https:\/\/agora.xtec.cat\/esc-laplana\/wp-json\/wp\/v2\/categories?post=2282"},{"taxonomy":"post_tag","embeddable":true,"href":"https:\/\/agora.xtec.cat\/esc-laplana\/wp-json\/wp\/v2\/tags?post=2282"}],"curies":[{"name":"wp","href":"https:\/\/api.w.org\/{rel}","templated":true}]}}