{"id":2279,"date":"2025-04-08T23:43:38","date_gmt":"2025-04-08T21:43:38","guid":{"rendered":"https:\/\/agora.xtec.cat\/esc-laplana\/?p=2279"},"modified":"2025-04-08T23:43:38","modified_gmt":"2025-04-08T21:43:38","slug":"anem-a-lauditori","status":"publish","type":"post","link":"https:\/\/agora.xtec.cat\/esc-laplana\/general\/anem-a-lauditori\/","title":{"rendered":"Anem a l&#8217;auditori!"},"content":{"rendered":"<p style=\"text-align: justify;\">El passat divendres l&#8217;alumnat d&#8217;I5 i de CI vam anar a l&#8217;Auditori Municipal Josep Carreras de Vila-Seca per gaudir d&#8217;unes audicions organitzades pel Pla Educatiu d&#8217;Entorn de l&#8217;Ajuntament de Vila-Seca. All\u00ed vam con\u00e9ixer la hist\u00f2ria d&#8217;una botiguera que venia instruments de m\u00fasica i que, amb l&#8217;ajuda del seu amic Marc, recomanava instruments una mica desconeguts com el fagot, la trompa, el violoncel,..entre d&#8217;altres, formant un bonic conjunt musical. Vam passar una bonica estona!<\/p>\n<p><strong>Si voleu veure m\u00e9s fotografies feu &#8220;clic&#8221; a sobre la imatge.<\/strong><\/p>\n<p><a href=\"https:\/\/drive.google.com\/drive\/folders\/1NFBUkqZatmi7F1u2g56aWFhvCTdo3Fby?usp=sharing\"><img loading=\"lazy\" decoding=\"async\" class=\"alignnone  wp-image-2280\" src=\"https:\/\/agora.xtec.cat\/esc-laplana\/wp-content\/uploads\/usu2664\/2025\/04\/auditori-1-1024x768.jpeg\" alt=\"\" width=\"679\" height=\"509\" srcset=\"https:\/\/agora.xtec.cat\/esc-laplana\/wp-content\/uploads\/usu2664\/2025\/04\/auditori-1-1024x768.jpeg 1024w, https:\/\/agora.xtec.cat\/esc-laplana\/wp-content\/uploads\/usu2664\/2025\/04\/auditori-1-300x225.jpeg 300w, https:\/\/agora.xtec.cat\/esc-laplana\/wp-content\/uploads\/usu2664\/2025\/04\/auditori-1-768x576.jpeg 768w, https:\/\/agora.xtec.cat\/esc-laplana\/wp-content\/uploads\/usu2664\/2025\/04\/auditori-1-1536x1152.jpeg 1536w, https:\/\/agora.xtec.cat\/esc-laplana\/wp-content\/uploads\/usu2664\/2025\/04\/auditori-1-2048x1536.jpeg 2048w, https:\/\/agora.xtec.cat\/esc-laplana\/wp-content\/uploads\/usu2664\/2025\/04\/auditori-1-200x150.jpeg 200w\" sizes=\"auto, (max-width: 679px) 100vw, 679px\" \/><\/a><\/p>\n","protected":false},"excerpt":{"rendered":"<p>El passat divendres l&#8217;alumnat d&#8217;I5 i de CI vam anar a l&#8217;Auditori Municipal Josep Carreras de Vila-Seca per gaudir d&#8217;unes audicions organitzades pel Pla Educatiu d&#8217;Entorn de l&#8217;Ajuntament de Vila-Seca. All\u00ed vam con\u00e9ixer la hist\u00f2ria d&#8217;una botiguera que venia instruments de m\u00fasica i que, amb&hellip;  <a href=\"https:\/\/agora.xtec.cat\/esc-laplana\/general\/anem-a-lauditori\/\" title=\"Read Anem a l&#8217;auditori!\">Llegeix m\u00e9s\u00bb<\/a><\/p>\n","protected":false},"author":1,"featured_media":0,"comment_status":"open","ping_status":"closed","sticky":false,"template":"","format":"standard","meta":{"_bbp_topic_count":0,"_bbp_reply_count":0,"_bbp_total_topic_count":0,"_bbp_total_reply_count":0,"_bbp_voice_count":0,"_bbp_anonymous_reply_count":0,"_bbp_topic_count_hidden":0,"_bbp_reply_count_hidden":0,"_bbp_forum_subforum_count":0,"footnotes":""},"categories":[8,1,3,4],"tags":[],"class_list":["post-2279","post","type-post","status-publish","format-standard","hentry","category-1r-promo-21-29","category-general","category-i4-promo-23-31","category-portada"],"post_mailing_queue_ids":[],"_links":{"self":[{"href":"https:\/\/agora.xtec.cat\/esc-laplana\/wp-json\/wp\/v2\/posts\/2279","targetHints":{"allow":["GET"]}}],"collection":[{"href":"https:\/\/agora.xtec.cat\/esc-laplana\/wp-json\/wp\/v2\/posts"}],"about":[{"href":"https:\/\/agora.xtec.cat\/esc-laplana\/wp-json\/wp\/v2\/types\/post"}],"author":[{"embeddable":true,"href":"https:\/\/agora.xtec.cat\/esc-laplana\/wp-json\/wp\/v2\/users\/1"}],"replies":[{"embeddable":true,"href":"https:\/\/agora.xtec.cat\/esc-laplana\/wp-json\/wp\/v2\/comments?post=2279"}],"version-history":[{"count":1,"href":"https:\/\/agora.xtec.cat\/esc-laplana\/wp-json\/wp\/v2\/posts\/2279\/revisions"}],"predecessor-version":[{"id":2281,"href":"https:\/\/agora.xtec.cat\/esc-laplana\/wp-json\/wp\/v2\/posts\/2279\/revisions\/2281"}],"wp:attachment":[{"href":"https:\/\/agora.xtec.cat\/esc-laplana\/wp-json\/wp\/v2\/media?parent=2279"}],"wp:term":[{"taxonomy":"category","embeddable":true,"href":"https:\/\/agora.xtec.cat\/esc-laplana\/wp-json\/wp\/v2\/categories?post=2279"},{"taxonomy":"post_tag","embeddable":true,"href":"https:\/\/agora.xtec.cat\/esc-laplana\/wp-json\/wp\/v2\/tags?post=2279"}],"curies":[{"name":"wp","href":"https:\/\/api.w.org\/{rel}","templated":true}]}}