{"id":2275,"date":"2025-04-04T00:15:04","date_gmt":"2025-04-03T22:15:04","guid":{"rendered":"https:\/\/agora.xtec.cat\/esc-laplana\/?p=2275"},"modified":"2025-04-04T00:15:04","modified_gmt":"2025-04-03T22:15:04","slug":"roda-de-contes-a-ci-abril-i-raul","status":"publish","type":"post","link":"https:\/\/agora.xtec.cat\/esc-laplana\/general\/roda-de-contes-a-ci-abril-i-raul\/","title":{"rendered":"RODA DE CONTES A CI: Abril i Ra\u00fal."},"content":{"rendered":"<p style=\"text-align: justify;\">Aquesta tarda hem iniciat la roda de contes de Cicle Inicial amb l&#8217;Abril i el Ra\u00fal que ens han explicat 2 contes molt especials. L&#8217;Abril ha preparat unes imatges molt boniques i ens ha parlat sobre el que veu &#8220;Les coses que veig&#8221;. El Ra\u00fal en canvi ens ha explicat un conte sobre el que sentim i com sonen les coses &#8220;Mira com sona&#8221; i ha preparat dos escenaris; l&#8217;hivern i la primavera.<\/p>\n<p style=\"text-align: justify;\">Ho han fet molt i molt b\u00e9! Enhorabona i moltes gr\u00e0cies a la seva fam\u00edlia per ajudar-los a preparar aquesta activitat!<\/p>\n<p style=\"text-align: justify;\">Ja tenim moltes ganes d&#8217;escoltar dos contes m\u00e9s la propera setmana!<\/p>\n<p><img loading=\"lazy\" decoding=\"async\" class=\"alignnone  wp-image-2276\" src=\"https:\/\/agora.xtec.cat\/esc-laplana\/wp-content\/uploads\/usu2664\/2025\/04\/20250403_153500-1024x768.jpeg\" alt=\"\" width=\"504\" height=\"378\" srcset=\"https:\/\/agora.xtec.cat\/esc-laplana\/wp-content\/uploads\/usu2664\/2025\/04\/20250403_153500-1024x768.jpeg 1024w, https:\/\/agora.xtec.cat\/esc-laplana\/wp-content\/uploads\/usu2664\/2025\/04\/20250403_153500-300x225.jpeg 300w, https:\/\/agora.xtec.cat\/esc-laplana\/wp-content\/uploads\/usu2664\/2025\/04\/20250403_153500-768x576.jpeg 768w, https:\/\/agora.xtec.cat\/esc-laplana\/wp-content\/uploads\/usu2664\/2025\/04\/20250403_153500-1536x1152.jpeg 1536w, https:\/\/agora.xtec.cat\/esc-laplana\/wp-content\/uploads\/usu2664\/2025\/04\/20250403_153500-2048x1536.jpeg 2048w, https:\/\/agora.xtec.cat\/esc-laplana\/wp-content\/uploads\/usu2664\/2025\/04\/20250403_153500-200x150.jpeg 200w\" sizes=\"auto, (max-width: 504px) 100vw, 504px\" \/> <img loading=\"lazy\" decoding=\"async\" class=\"alignnone wp-image-2277 \" src=\"https:\/\/agora.xtec.cat\/esc-laplana\/wp-content\/uploads\/usu2664\/2025\/04\/20250403_154353-scaled-e1743718425781-893x1024.jpeg\" alt=\"\" width=\"510\" height=\"585\" srcset=\"https:\/\/agora.xtec.cat\/esc-laplana\/wp-content\/uploads\/usu2664\/2025\/04\/20250403_154353-scaled-e1743718425781-893x1024.jpeg 893w, https:\/\/agora.xtec.cat\/esc-laplana\/wp-content\/uploads\/usu2664\/2025\/04\/20250403_154353-scaled-e1743718425781-262x300.jpeg 262w, https:\/\/agora.xtec.cat\/esc-laplana\/wp-content\/uploads\/usu2664\/2025\/04\/20250403_154353-scaled-e1743718425781-768x880.jpeg 768w, https:\/\/agora.xtec.cat\/esc-laplana\/wp-content\/uploads\/usu2664\/2025\/04\/20250403_154353-scaled-e1743718425781-1340x1536.jpeg 1340w, https:\/\/agora.xtec.cat\/esc-laplana\/wp-content\/uploads\/usu2664\/2025\/04\/20250403_154353-scaled-e1743718425781-1787x2048.jpeg 1787w, https:\/\/agora.xtec.cat\/esc-laplana\/wp-content\/uploads\/usu2664\/2025\/04\/20250403_154353-scaled-e1743718425781.jpeg 1920w\" sizes=\"auto, (max-width: 510px) 100vw, 510px\" \/><\/p>\n","protected":false},"excerpt":{"rendered":"<p>Aquesta tarda hem iniciat la roda de contes de Cicle Inicial amb l&#8217;Abril i el Ra\u00fal que ens han explicat 2 contes molt especials. L&#8217;Abril ha preparat unes imatges molt boniques i ens ha parlat sobre el que veu &#8220;Les coses que veig&#8221;. El Ra\u00fal&hellip;  <a href=\"https:\/\/agora.xtec.cat\/esc-laplana\/general\/roda-de-contes-a-ci-abril-i-raul\/\" title=\"Read RODA DE CONTES A CI: Abril i Ra\u00fal.\">Llegeix m\u00e9s\u00bb<\/a><\/p>\n","protected":false},"author":1,"featured_media":0,"comment_status":"open","ping_status":"closed","sticky":false,"template":"","format":"standard","meta":{"_bbp_topic_count":0,"_bbp_reply_count":0,"_bbp_total_topic_count":0,"_bbp_total_reply_count":0,"_bbp_voice_count":0,"_bbp_anonymous_reply_count":0,"_bbp_topic_count_hidden":0,"_bbp_reply_count_hidden":0,"_bbp_forum_subforum_count":0,"footnotes":""},"categories":[8,1,4],"tags":[],"class_list":["post-2275","post","type-post","status-publish","format-standard","hentry","category-1r-promo-21-29","category-general","category-portada"],"post_mailing_queue_ids":[],"_links":{"self":[{"href":"https:\/\/agora.xtec.cat\/esc-laplana\/wp-json\/wp\/v2\/posts\/2275","targetHints":{"allow":["GET"]}}],"collection":[{"href":"https:\/\/agora.xtec.cat\/esc-laplana\/wp-json\/wp\/v2\/posts"}],"about":[{"href":"https:\/\/agora.xtec.cat\/esc-laplana\/wp-json\/wp\/v2\/types\/post"}],"author":[{"embeddable":true,"href":"https:\/\/agora.xtec.cat\/esc-laplana\/wp-json\/wp\/v2\/users\/1"}],"replies":[{"embeddable":true,"href":"https:\/\/agora.xtec.cat\/esc-laplana\/wp-json\/wp\/v2\/comments?post=2275"}],"version-history":[{"count":1,"href":"https:\/\/agora.xtec.cat\/esc-laplana\/wp-json\/wp\/v2\/posts\/2275\/revisions"}],"predecessor-version":[{"id":2278,"href":"https:\/\/agora.xtec.cat\/esc-laplana\/wp-json\/wp\/v2\/posts\/2275\/revisions\/2278"}],"wp:attachment":[{"href":"https:\/\/agora.xtec.cat\/esc-laplana\/wp-json\/wp\/v2\/media?parent=2275"}],"wp:term":[{"taxonomy":"category","embeddable":true,"href":"https:\/\/agora.xtec.cat\/esc-laplana\/wp-json\/wp\/v2\/categories?post=2275"},{"taxonomy":"post_tag","embeddable":true,"href":"https:\/\/agora.xtec.cat\/esc-laplana\/wp-json\/wp\/v2\/tags?post=2275"}],"curies":[{"name":"wp","href":"https:\/\/api.w.org\/{rel}","templated":true}]}}