{"id":2245,"date":"2025-03-31T13:06:47","date_gmt":"2025-03-31T11:06:47","guid":{"rendered":"https:\/\/agora.xtec.cat\/esc-laplana\/?p=2245"},"modified":"2025-03-31T13:27:05","modified_gmt":"2025-03-31T11:27:05","slug":"marxem-de-colonies","status":"publish","type":"post","link":"https:\/\/agora.xtec.cat\/esc-laplana\/general\/marxem-de-colonies\/","title":{"rendered":"MARXEM DE COL\u00d2NIES!"},"content":{"rendered":"<p style=\"text-align: justify;\">Les col\u00f2nies a la Carral ja han arribat! Avui l&#8217;alumnat de l&#8217;escola ha sortit cap a la casa de col\u00f2nies on hi passaran tres dies. Esperem que gaudeixin d&#8217;all\u00f2 m\u00e9s!<\/p>\n<p style=\"text-align: justify;\"><strong>Si voleu veure fotografies podeu fer &#8220;clic&#8221; a sobre de la imatge.<\/strong><\/p>\n<p><a href=\"https:\/\/drive.google.com\/drive\/folders\/1IPD-7NM-txkvRFJWXsciVIVzyGpJmku7?usp=drive_link\"><img loading=\"lazy\" decoding=\"async\" class=\"alignnone wp-image-2246\" src=\"https:\/\/agora.xtec.cat\/esc-laplana\/wp-content\/uploads\/usu2664\/2025\/03\/sortida-1024x402.jpg\" alt=\"\" width=\"601\" height=\"236\" srcset=\"https:\/\/agora.xtec.cat\/esc-laplana\/wp-content\/uploads\/usu2664\/2025\/03\/sortida-1024x402.jpg 1024w, https:\/\/agora.xtec.cat\/esc-laplana\/wp-content\/uploads\/usu2664\/2025\/03\/sortida-300x118.jpg 300w, https:\/\/agora.xtec.cat\/esc-laplana\/wp-content\/uploads\/usu2664\/2025\/03\/sortida-768x302.jpg 768w, https:\/\/agora.xtec.cat\/esc-laplana\/wp-content\/uploads\/usu2664\/2025\/03\/sortida-1536x604.jpg 1536w, https:\/\/agora.xtec.cat\/esc-laplana\/wp-content\/uploads\/usu2664\/2025\/03\/sortida-2048x805.jpg 2048w\" sizes=\"auto, (max-width: 601px) 100vw, 601px\" \/><\/a><\/p>\n<p><a href=\"https:\/\/drive.google.com\/drive\/folders\/1IPD-7NM-txkvRFJWXsciVIVzyGpJmku7?usp=drive_link\"><img loading=\"lazy\" decoding=\"async\" class=\"alignnone wp-image-2251\" src=\"https:\/\/agora.xtec.cat\/esc-laplana\/wp-content\/uploads\/usu2664\/2025\/03\/colonies-1024x768.jpg\" alt=\"\" width=\"602\" height=\"451\" srcset=\"https:\/\/agora.xtec.cat\/esc-laplana\/wp-content\/uploads\/usu2664\/2025\/03\/colonies-1024x768.jpg 1024w, https:\/\/agora.xtec.cat\/esc-laplana\/wp-content\/uploads\/usu2664\/2025\/03\/colonies-300x225.jpg 300w, https:\/\/agora.xtec.cat\/esc-laplana\/wp-content\/uploads\/usu2664\/2025\/03\/colonies-768x576.jpg 768w, https:\/\/agora.xtec.cat\/esc-laplana\/wp-content\/uploads\/usu2664\/2025\/03\/colonies-1536x1152.jpg 1536w, https:\/\/agora.xtec.cat\/esc-laplana\/wp-content\/uploads\/usu2664\/2025\/03\/colonies-200x150.jpg 200w, https:\/\/agora.xtec.cat\/esc-laplana\/wp-content\/uploads\/usu2664\/2025\/03\/colonies.jpg 1600w\" sizes=\"auto, (max-width: 602px) 100vw, 602px\" \/><\/a><\/p>\n","protected":false},"excerpt":{"rendered":"<p>Les col\u00f2nies a la Carral ja han arribat! Avui l&#8217;alumnat de l&#8217;escola ha sortit cap a la casa de col\u00f2nies on hi passaran tres dies. Esperem que gaudeixin d&#8217;all\u00f2 m\u00e9s!<br \/>\nSi voleu veure fotografies podeu fer &#8220;clic&#8221; a sobre de la imatge.<br \/>\n<a href=\"https:\/\/drive.google.com\/drive\/folders\/1IPD-7NM-txkvRFJWXsciVIVzyGpJmku7?usp=drive_link\"><\/a><br \/>\n<a href=\"https:\/\/drive.google.com\/drive\/folders\/1IPD-7NM-txkvRFJWXsciVIVzyGpJmku7?usp=drive_link\"><\/a><\/p>\n","protected":false},"author":1,"featured_media":0,"comment_status":"open","ping_status":"closed","sticky":false,"template":"","format":"standard","meta":{"_bbp_topic_count":0,"_bbp_reply_count":0,"_bbp_total_topic_count":0,"_bbp_total_reply_count":0,"_bbp_voice_count":0,"_bbp_anonymous_reply_count":0,"_bbp_topic_count_hidden":0,"_bbp_reply_count_hidden":0,"_bbp_forum_subforum_count":0,"footnotes":""},"categories":[1,4],"tags":[],"class_list":["post-2245","post","type-post","status-publish","format-standard","hentry","category-general","category-portada"],"post_mailing_queue_ids":[],"_links":{"self":[{"href":"https:\/\/agora.xtec.cat\/esc-laplana\/wp-json\/wp\/v2\/posts\/2245","targetHints":{"allow":["GET"]}}],"collection":[{"href":"https:\/\/agora.xtec.cat\/esc-laplana\/wp-json\/wp\/v2\/posts"}],"about":[{"href":"https:\/\/agora.xtec.cat\/esc-laplana\/wp-json\/wp\/v2\/types\/post"}],"author":[{"embeddable":true,"href":"https:\/\/agora.xtec.cat\/esc-laplana\/wp-json\/wp\/v2\/users\/1"}],"replies":[{"embeddable":true,"href":"https:\/\/agora.xtec.cat\/esc-laplana\/wp-json\/wp\/v2\/comments?post=2245"}],"version-history":[{"count":5,"href":"https:\/\/agora.xtec.cat\/esc-laplana\/wp-json\/wp\/v2\/posts\/2245\/revisions"}],"predecessor-version":[{"id":2252,"href":"https:\/\/agora.xtec.cat\/esc-laplana\/wp-json\/wp\/v2\/posts\/2245\/revisions\/2252"}],"wp:attachment":[{"href":"https:\/\/agora.xtec.cat\/esc-laplana\/wp-json\/wp\/v2\/media?parent=2245"}],"wp:term":[{"taxonomy":"category","embeddable":true,"href":"https:\/\/agora.xtec.cat\/esc-laplana\/wp-json\/wp\/v2\/categories?post=2245"},{"taxonomy":"post_tag","embeddable":true,"href":"https:\/\/agora.xtec.cat\/esc-laplana\/wp-json\/wp\/v2\/tags?post=2245"}],"curies":[{"name":"wp","href":"https:\/\/api.w.org\/{rel}","templated":true}]}}