{"id":2242,"date":"2025-03-28T16:20:17","date_gmt":"2025-03-28T15:20:17","guid":{"rendered":"https:\/\/agora.xtec.cat\/esc-laplana\/?p=2242"},"modified":"2025-03-28T16:21:45","modified_gmt":"2025-03-28T15:21:45","slug":"xxi-certamen-de-lectura-en-veu-alta","status":"publish","type":"post","link":"https:\/\/agora.xtec.cat\/esc-laplana\/general\/xxi-certamen-de-lectura-en-veu-alta\/","title":{"rendered":"XXI CERTAMEN DE LECTURA EN VEU ALTA"},"content":{"rendered":"<p>El passat dijous 27 de mar\u00e7 es va celebrar el XXI\u00e8 Certamen de Lectura en Veu Alta a l&#8217;Orfe\u00f3 Canong\u00ed de La Canonja, un espai molt acollidor on vam poder gaudir de les lectures en veu alta de fragments dels llibres &#8220;Hopi, el misteri de la lluna&#8221; i &#8220;Els nens ferotges&#8221;.<\/p>\n<p>L&#8217;Alberto i la Dora van ser els dos alumnes, seleccionats al nostre Certamen intern de centre, qui van representar a la nostra escola al concurs. I que b\u00e9 que ho van fer!<\/p>\n<p>Participar-hi ja va ser un regal per a ells, ja que \u00e9s una experi\u00e8ncia que recordaran per sempre.<\/p>\n<p>L&#8217;any que ve hi tornarem perqu\u00e8 l&#8217;escola creu que aquests tipus d&#8217;esdeveniments fomenten la lectura en veu alta, que no nom\u00e9s afavoreix la comprensi\u00f3 i la concentraci\u00f3, sin\u00f3 que tamb\u00e9 connecta les paraules amb les emocions, fent que cada hist\u00f2ria prengui vida a trav\u00e9s de la nostra veu.<\/p>\n<p><img loading=\"lazy\" decoding=\"async\" class=\"alignnone size-large wp-image-2243\" src=\"https:\/\/agora.xtec.cat\/esc-laplana\/wp-content\/uploads\/usu2664\/2025\/03\/IMG_5450_compressed-768x1024.jpg\" alt=\"\" width=\"768\" height=\"1024\" srcset=\"https:\/\/agora.xtec.cat\/esc-laplana\/wp-content\/uploads\/usu2664\/2025\/03\/IMG_5450_compressed-768x1024.jpg 768w, https:\/\/agora.xtec.cat\/esc-laplana\/wp-content\/uploads\/usu2664\/2025\/03\/IMG_5450_compressed-225x300.jpg 225w, https:\/\/agora.xtec.cat\/esc-laplana\/wp-content\/uploads\/usu2664\/2025\/03\/IMG_5450_compressed-1152x1536.jpg 1152w, https:\/\/agora.xtec.cat\/esc-laplana\/wp-content\/uploads\/usu2664\/2025\/03\/IMG_5450_compressed-1536x2048.jpg 1536w, https:\/\/agora.xtec.cat\/esc-laplana\/wp-content\/uploads\/usu2664\/2025\/03\/IMG_5450_compressed-scaled.jpg 1920w\" sizes=\"auto, (max-width: 768px) 100vw, 768px\" \/><\/p>\n<p>&nbsp;<\/p>\n<p>&nbsp;<\/p>\n<p>&nbsp;<\/p>\n","protected":false},"excerpt":{"rendered":"<p>El passat dijous 27 de mar\u00e7 es va celebrar el XXI\u00e8 Certamen de Lectura en Veu Alta a l&#8217;Orfe\u00f3 Canong\u00ed de La Canonja, un espai molt acollidor on vam poder gaudir de les lectures en veu alta de fragments dels llibres &#8220;Hopi, el misteri de&hellip;  <a href=\"https:\/\/agora.xtec.cat\/esc-laplana\/general\/xxi-certamen-de-lectura-en-veu-alta\/\" title=\"Read XXI CERTAMEN DE LECTURA EN VEU ALTA\">Llegeix m\u00e9s\u00bb<\/a><\/p>\n","protected":false},"author":1,"featured_media":0,"comment_status":"open","ping_status":"closed","sticky":false,"template":"","format":"standard","meta":{"_bbp_topic_count":0,"_bbp_reply_count":0,"_bbp_total_topic_count":0,"_bbp_total_reply_count":0,"_bbp_voice_count":0,"_bbp_anonymous_reply_count":0,"_bbp_topic_count_hidden":0,"_bbp_reply_count_hidden":0,"_bbp_forum_subforum_count":0,"footnotes":""},"categories":[10,12,1,4],"tags":[],"class_list":["post-2242","post","type-post","status-publish","format-standard","hentry","category-3r-promo-19-27","category-5e-promo-17-25","category-general","category-portada"],"post_mailing_queue_ids":[],"_links":{"self":[{"href":"https:\/\/agora.xtec.cat\/esc-laplana\/wp-json\/wp\/v2\/posts\/2242","targetHints":{"allow":["GET"]}}],"collection":[{"href":"https:\/\/agora.xtec.cat\/esc-laplana\/wp-json\/wp\/v2\/posts"}],"about":[{"href":"https:\/\/agora.xtec.cat\/esc-laplana\/wp-json\/wp\/v2\/types\/post"}],"author":[{"embeddable":true,"href":"https:\/\/agora.xtec.cat\/esc-laplana\/wp-json\/wp\/v2\/users\/1"}],"replies":[{"embeddable":true,"href":"https:\/\/agora.xtec.cat\/esc-laplana\/wp-json\/wp\/v2\/comments?post=2242"}],"version-history":[{"count":1,"href":"https:\/\/agora.xtec.cat\/esc-laplana\/wp-json\/wp\/v2\/posts\/2242\/revisions"}],"predecessor-version":[{"id":2244,"href":"https:\/\/agora.xtec.cat\/esc-laplana\/wp-json\/wp\/v2\/posts\/2242\/revisions\/2244"}],"wp:attachment":[{"href":"https:\/\/agora.xtec.cat\/esc-laplana\/wp-json\/wp\/v2\/media?parent=2242"}],"wp:term":[{"taxonomy":"category","embeddable":true,"href":"https:\/\/agora.xtec.cat\/esc-laplana\/wp-json\/wp\/v2\/categories?post=2242"},{"taxonomy":"post_tag","embeddable":true,"href":"https:\/\/agora.xtec.cat\/esc-laplana\/wp-json\/wp\/v2\/tags?post=2242"}],"curies":[{"name":"wp","href":"https:\/\/api.w.org\/{rel}","templated":true}]}}