{"id":2239,"date":"2025-03-21T17:16:27","date_gmt":"2025-03-21T16:16:27","guid":{"rendered":"https:\/\/agora.xtec.cat\/esc-laplana\/?p=2239"},"modified":"2025-03-21T17:16:27","modified_gmt":"2025-03-21T16:16:27","slug":"tallers-de-lettering-a-cicle-superior","status":"publish","type":"post","link":"https:\/\/agora.xtec.cat\/esc-laplana\/general\/tallers-de-lettering-a-cicle-superior\/","title":{"rendered":"TALLERS DE LETTERING A CICLE SUPERIOR"},"content":{"rendered":"<p>L&#8217;alumnat de 5\u00e8 i 6\u00e8 ha pogut gaudir de l&#8217;oportunitat d&#8217;aprendre a dibuixar lletres i crear paraules o frases amb l&#8217;art del Lettering.<\/p>\n<p>La Clara, la monitora, tamb\u00e9 els hi ha ensenyat que aquesta t\u00e8cnica ajuda a la regulaci\u00f3 de les emocions, tot acompanyant els tra\u00e7os amb la respiraci\u00f3, o escollint els colors segons l&#8217;emoci\u00f3 que volen transmetre.<\/p>\n<p>A continuaci\u00f3 trobareu fotografies dels\/les alumnes practicant.<\/p>\n<p><a href=\"https:\/\/drive.google.com\/drive\/folders\/1-YnuLI1HgKRLTFcVcj23Qy6oBb5ijeVB?usp=drive_link\"><img loading=\"lazy\" decoding=\"async\" class=\"alignnone wp-image-2240 size-large\" src=\"https:\/\/agora.xtec.cat\/esc-laplana\/wp-content\/uploads\/usu2664\/2025\/03\/IMG_4583-1-768x1024.jpg\" alt=\"\" width=\"768\" height=\"1024\" srcset=\"https:\/\/agora.xtec.cat\/esc-laplana\/wp-content\/uploads\/usu2664\/2025\/03\/IMG_4583-1-768x1024.jpg 768w, https:\/\/agora.xtec.cat\/esc-laplana\/wp-content\/uploads\/usu2664\/2025\/03\/IMG_4583-1-225x300.jpg 225w, https:\/\/agora.xtec.cat\/esc-laplana\/wp-content\/uploads\/usu2664\/2025\/03\/IMG_4583-1-1152x1536.jpg 1152w, https:\/\/agora.xtec.cat\/esc-laplana\/wp-content\/uploads\/usu2664\/2025\/03\/IMG_4583-1-1536x2048.jpg 1536w, https:\/\/agora.xtec.cat\/esc-laplana\/wp-content\/uploads\/usu2664\/2025\/03\/IMG_4583-1-scaled.jpg 1920w\" sizes=\"auto, (max-width: 768px) 100vw, 768px\" \/><\/a><\/p>\n","protected":false},"excerpt":{"rendered":"<p>L&#8217;alumnat de 5\u00e8 i 6\u00e8 ha pogut gaudir de l&#8217;oportunitat d&#8217;aprendre a dibuixar lletres i crear paraules o frases amb l&#8217;art del Lettering.<br \/>\nLa Clara, la monitora, tamb\u00e9 els hi ha ensenyat que aquesta t\u00e8cnica ajuda a la regulaci\u00f3 de les emocions, tot acompanyant els tra\u00e7os&hellip;  <a href=\"https:\/\/agora.xtec.cat\/esc-laplana\/general\/tallers-de-lettering-a-cicle-superior\/\" title=\"Read TALLERS DE LETTERING A CICLE SUPERIOR\">Llegeix m\u00e9s\u00bb<\/a><\/p>\n","protected":false},"author":1,"featured_media":0,"comment_status":"open","ping_status":"closed","sticky":false,"template":"","format":"standard","meta":{"_bbp_topic_count":0,"_bbp_reply_count":0,"_bbp_total_topic_count":0,"_bbp_total_reply_count":0,"_bbp_voice_count":0,"_bbp_anonymous_reply_count":0,"_bbp_topic_count_hidden":0,"_bbp_reply_count_hidden":0,"_bbp_forum_subforum_count":0,"footnotes":""},"categories":[11,12,1,4],"tags":[],"class_list":["post-2239","post","type-post","status-publish","format-standard","hentry","category-4t-promo-18-26","category-5e-promo-17-25","category-general","category-portada"],"post_mailing_queue_ids":[],"_links":{"self":[{"href":"https:\/\/agora.xtec.cat\/esc-laplana\/wp-json\/wp\/v2\/posts\/2239","targetHints":{"allow":["GET"]}}],"collection":[{"href":"https:\/\/agora.xtec.cat\/esc-laplana\/wp-json\/wp\/v2\/posts"}],"about":[{"href":"https:\/\/agora.xtec.cat\/esc-laplana\/wp-json\/wp\/v2\/types\/post"}],"author":[{"embeddable":true,"href":"https:\/\/agora.xtec.cat\/esc-laplana\/wp-json\/wp\/v2\/users\/1"}],"replies":[{"embeddable":true,"href":"https:\/\/agora.xtec.cat\/esc-laplana\/wp-json\/wp\/v2\/comments?post=2239"}],"version-history":[{"count":1,"href":"https:\/\/agora.xtec.cat\/esc-laplana\/wp-json\/wp\/v2\/posts\/2239\/revisions"}],"predecessor-version":[{"id":2241,"href":"https:\/\/agora.xtec.cat\/esc-laplana\/wp-json\/wp\/v2\/posts\/2239\/revisions\/2241"}],"wp:attachment":[{"href":"https:\/\/agora.xtec.cat\/esc-laplana\/wp-json\/wp\/v2\/media?parent=2239"}],"wp:term":[{"taxonomy":"category","embeddable":true,"href":"https:\/\/agora.xtec.cat\/esc-laplana\/wp-json\/wp\/v2\/categories?post=2239"},{"taxonomy":"post_tag","embeddable":true,"href":"https:\/\/agora.xtec.cat\/esc-laplana\/wp-json\/wp\/v2\/tags?post=2239"}],"curies":[{"name":"wp","href":"https:\/\/api.w.org\/{rel}","templated":true}]}}