{"id":2233,"date":"2025-03-20T07:48:56","date_gmt":"2025-03-20T06:48:56","guid":{"rendered":"https:\/\/agora.xtec.cat\/esc-laplana\/?p=2233"},"modified":"2025-03-20T07:48:56","modified_gmt":"2025-03-20T06:48:56","slug":"teatre-interescolar-menuda-comedia","status":"publish","type":"post","link":"https:\/\/agora.xtec.cat\/esc-laplana\/general\/teatre-interescolar-menuda-comedia\/","title":{"rendered":"Teatre interescolar &#8220;Menuda com\u00e8dia&#8221;"},"content":{"rendered":"<p>Aquest mat\u00ed, l&#8217;alumnat de Cicle Mitj\u00e0 i de Cicle Superior hem tingut l\u2019oportunitat de gaudir d\u2019una experi\u00e8ncia teatral molt especial. Hem anat al Celler de Vila-seca per veure l\u2019obra &#8220;Menuda com\u00e8dia&#8221;, una representaci\u00f3 interescolar que forma part de les Activitats del Pla Educatiu d&#8217;Entorn de l&#8217;Ajuntament de Vila-Seca, que ens ha fet riure, reflexionar i, sobretot, passar una estona fant\u00e0stica.<\/p>\n<p><a href=\"https:\/\/agora.xtec.cat\/esc-laplana\/wp-content\/uploads\/usu2664\/2025\/03\/WhatsApp-Image-2025-03-19-at-12.04.54.jpeg\"><img loading=\"lazy\" decoding=\"async\" class=\" wp-image-2234 aligncenter\" src=\"https:\/\/agora.xtec.cat\/esc-laplana\/wp-content\/uploads\/usu2664\/2025\/03\/WhatsApp-Image-2025-03-19-at-12.04.54-1024x768.jpeg\" alt=\"\" width=\"546\" height=\"410\" srcset=\"https:\/\/agora.xtec.cat\/esc-laplana\/wp-content\/uploads\/usu2664\/2025\/03\/WhatsApp-Image-2025-03-19-at-12.04.54-1024x768.jpeg 1024w, https:\/\/agora.xtec.cat\/esc-laplana\/wp-content\/uploads\/usu2664\/2025\/03\/WhatsApp-Image-2025-03-19-at-12.04.54-300x225.jpeg 300w, https:\/\/agora.xtec.cat\/esc-laplana\/wp-content\/uploads\/usu2664\/2025\/03\/WhatsApp-Image-2025-03-19-at-12.04.54-768x576.jpeg 768w, https:\/\/agora.xtec.cat\/esc-laplana\/wp-content\/uploads\/usu2664\/2025\/03\/WhatsApp-Image-2025-03-19-at-12.04.54-1536x1152.jpeg 1536w, https:\/\/agora.xtec.cat\/esc-laplana\/wp-content\/uploads\/usu2664\/2025\/03\/WhatsApp-Image-2025-03-19-at-12.04.54-200x150.jpeg 200w, https:\/\/agora.xtec.cat\/esc-laplana\/wp-content\/uploads\/usu2664\/2025\/03\/WhatsApp-Image-2025-03-19-at-12.04.54.jpeg 1600w\" sizes=\"auto, (max-width: 546px) 100vw, 546px\" \/><\/a><\/p>\n","protected":false},"excerpt":{"rendered":"<p>Aquest mat\u00ed, l&#8217;alumnat de Cicle Mitj\u00e0 i de Cicle Superior hem tingut l\u2019oportunitat de gaudir d\u2019una experi\u00e8ncia teatral molt especial. Hem anat al Celler de Vila-seca per veure l\u2019obra &#8220;Menuda com\u00e8dia&#8221;, una representaci\u00f3 interescolar que forma part de les Activitats del Pla Educatiu d&#8217;Entorn de&hellip;  <a href=\"https:\/\/agora.xtec.cat\/esc-laplana\/general\/teatre-interescolar-menuda-comedia\/\" title=\"Read Teatre interescolar &#8220;Menuda com\u00e8dia&#8221;\">Llegeix m\u00e9s\u00bb<\/a><\/p>\n","protected":false},"author":22,"featured_media":0,"comment_status":"open","ping_status":"closed","sticky":false,"template":"","format":"standard","meta":{"_bbp_topic_count":0,"_bbp_reply_count":0,"_bbp_total_topic_count":0,"_bbp_total_reply_count":0,"_bbp_voice_count":0,"_bbp_anonymous_reply_count":0,"_bbp_topic_count_hidden":0,"_bbp_reply_count_hidden":0,"_bbp_forum_subforum_count":0,"footnotes":""},"categories":[9,10,11,12,1,4],"tags":[],"class_list":["post-2233","post","type-post","status-publish","format-standard","hentry","category-2n-promo-20-28","category-3r-promo-19-27","category-4t-promo-18-26","category-5e-promo-17-25","category-general","category-portada"],"post_mailing_queue_ids":[],"_links":{"self":[{"href":"https:\/\/agora.xtec.cat\/esc-laplana\/wp-json\/wp\/v2\/posts\/2233","targetHints":{"allow":["GET"]}}],"collection":[{"href":"https:\/\/agora.xtec.cat\/esc-laplana\/wp-json\/wp\/v2\/posts"}],"about":[{"href":"https:\/\/agora.xtec.cat\/esc-laplana\/wp-json\/wp\/v2\/types\/post"}],"author":[{"embeddable":true,"href":"https:\/\/agora.xtec.cat\/esc-laplana\/wp-json\/wp\/v2\/users\/22"}],"replies":[{"embeddable":true,"href":"https:\/\/agora.xtec.cat\/esc-laplana\/wp-json\/wp\/v2\/comments?post=2233"}],"version-history":[{"count":4,"href":"https:\/\/agora.xtec.cat\/esc-laplana\/wp-json\/wp\/v2\/posts\/2233\/revisions"}],"predecessor-version":[{"id":2238,"href":"https:\/\/agora.xtec.cat\/esc-laplana\/wp-json\/wp\/v2\/posts\/2233\/revisions\/2238"}],"wp:attachment":[{"href":"https:\/\/agora.xtec.cat\/esc-laplana\/wp-json\/wp\/v2\/media?parent=2233"}],"wp:term":[{"taxonomy":"category","embeddable":true,"href":"https:\/\/agora.xtec.cat\/esc-laplana\/wp-json\/wp\/v2\/categories?post=2233"},{"taxonomy":"post_tag","embeddable":true,"href":"https:\/\/agora.xtec.cat\/esc-laplana\/wp-json\/wp\/v2\/tags?post=2233"}],"curies":[{"name":"wp","href":"https:\/\/api.w.org\/{rel}","templated":true}]}}