{"id":2229,"date":"2025-03-18T11:26:37","date_gmt":"2025-03-18T10:26:37","guid":{"rendered":"https:\/\/agora.xtec.cat\/esc-laplana\/?p=2229"},"modified":"2025-03-18T14:54:10","modified_gmt":"2025-03-18T13:54:10","slug":"preparem-el-teatre-el-bosc-blau-en-perill","status":"publish","type":"post","link":"https:\/\/agora.xtec.cat\/esc-laplana\/general\/preparem-el-teatre-el-bosc-blau-en-perill\/","title":{"rendered":"Preparem el teatre &#8220;El bosc blau en perill&#8221;"},"content":{"rendered":"<p>Properament els alumnes de cicle inicial realitzaran l&#8217;obra &#8220;El bosc blau en perill&#8221;. Us compartim la can\u00e7\u00f3 en format v\u00eddeo karaoke i el text en veu alta del teatre per tal que ho puguin repassar i surti s\u00faper b\u00e9 el dia de l&#8217;obra!<\/p>\n<p>&nbsp;<\/p>\n<p><a href=\"https:\/\/drive.google.com\/drive\/folders\/1iyh2CpEFIAL8hxeVryKLiIqSwhBQt3Ab?usp=sharing\"><img loading=\"lazy\" decoding=\"async\" class=\" aligncenter\" src=\"https:\/\/img.freepik.com\/free-vector\/kids-singing-design_1308-576.jpg\" width=\"300\" height=\"300\" \/><\/a><\/p>\n","protected":false},"excerpt":{"rendered":"<p>Properament els alumnes de cicle inicial realitzaran l&#8217;obra &#8220;El bosc blau en perill&#8221;. Us compartim la can\u00e7\u00f3 en format v\u00eddeo karaoke i el text en veu alta del teatre per tal que ho puguin repassar i surti s\u00faper b\u00e9 el dia de l&#8217;obra!<br \/>\n&nbsp;<br \/>\n<a href=\"https:\/\/drive.google.com\/drive\/folders\/1iyh2CpEFIAL8hxeVryKLiIqSwhBQt3Ab?usp=sharing\"><\/a><\/p>\n","protected":false},"author":27,"featured_media":0,"comment_status":"open","ping_status":"closed","sticky":false,"template":"","format":"standard","meta":{"_bbp_topic_count":0,"_bbp_reply_count":0,"_bbp_total_topic_count":0,"_bbp_total_reply_count":0,"_bbp_voice_count":0,"_bbp_anonymous_reply_count":0,"_bbp_topic_count_hidden":0,"_bbp_reply_count_hidden":0,"_bbp_forum_subforum_count":0,"footnotes":""},"categories":[62,8,1,4],"tags":[80,70,81],"class_list":["post-2229","post","type-post","status-publish","format-standard","hentry","category-i5-promo-22-30","category-1r-promo-21-29","category-general","category-portada","tag-expressio-oral","tag-musica","tag-teatre"],"post_mailing_queue_ids":[],"_links":{"self":[{"href":"https:\/\/agora.xtec.cat\/esc-laplana\/wp-json\/wp\/v2\/posts\/2229","targetHints":{"allow":["GET"]}}],"collection":[{"href":"https:\/\/agora.xtec.cat\/esc-laplana\/wp-json\/wp\/v2\/posts"}],"about":[{"href":"https:\/\/agora.xtec.cat\/esc-laplana\/wp-json\/wp\/v2\/types\/post"}],"author":[{"embeddable":true,"href":"https:\/\/agora.xtec.cat\/esc-laplana\/wp-json\/wp\/v2\/users\/27"}],"replies":[{"embeddable":true,"href":"https:\/\/agora.xtec.cat\/esc-laplana\/wp-json\/wp\/v2\/comments?post=2229"}],"version-history":[{"count":3,"href":"https:\/\/agora.xtec.cat\/esc-laplana\/wp-json\/wp\/v2\/posts\/2229\/revisions"}],"predecessor-version":[{"id":2232,"href":"https:\/\/agora.xtec.cat\/esc-laplana\/wp-json\/wp\/v2\/posts\/2229\/revisions\/2232"}],"wp:attachment":[{"href":"https:\/\/agora.xtec.cat\/esc-laplana\/wp-json\/wp\/v2\/media?parent=2229"}],"wp:term":[{"taxonomy":"category","embeddable":true,"href":"https:\/\/agora.xtec.cat\/esc-laplana\/wp-json\/wp\/v2\/categories?post=2229"},{"taxonomy":"post_tag","embeddable":true,"href":"https:\/\/agora.xtec.cat\/esc-laplana\/wp-json\/wp\/v2\/tags?post=2229"}],"curies":[{"name":"wp","href":"https:\/\/api.w.org\/{rel}","templated":true}]}}