{"id":2220,"date":"2025-03-17T22:51:02","date_gmt":"2025-03-17T21:51:02","guid":{"rendered":"https:\/\/agora.xtec.cat\/esc-laplana\/?p=2220"},"modified":"2025-03-17T22:56:10","modified_gmt":"2025-03-17T21:56:10","slug":"anem-al-teatre-la-mongetera-magica","status":"publish","type":"post","link":"https:\/\/agora.xtec.cat\/esc-laplana\/general\/anem-al-teatre-la-mongetera-magica\/","title":{"rendered":"Anem al teatre! &#8220;La mongetera m\u00e0gica!&#8221;"},"content":{"rendered":"<p style=\"text-align: justify;\">Avui l&#8217;alumnat de i4,i5, 1r i 2n hem anat al Celler de Vila-Seca a veure una obra de teatre.<\/p>\n<p style=\"text-align: justify;\">Aquesta activitat inclosa dins de les Activitats del Pla Educatiu d&#8217;Entorn organitzat per l&#8217;Ajuntament de Vila-Seca, ha consistit en un espectacle de titelles de la companyia Festuc Teatre, on explicaven les aventures d&#8217;una noia que volia ajudar a la seva fam\u00edlia i que va anar a buscar una mongeta &#8220;m\u00e0gica&#8221;; pel cam\u00ed descobreix la veritable m\u00e0gia de l&#8217;amistat.<\/p>\n<p style=\"text-align: justify;\"><strong>Si voleu veure m\u00e9s fotografies de la sortida feu &#8220;clic&#8221; a sobre de la imatge.<\/strong><\/p>\n<p><a href=\"https:\/\/drive.google.com\/drive\/folders\/1GDqibsF4LjPDVD5Umlt7_ylAr5e0mRYZ\"><img loading=\"lazy\" decoding=\"async\" class=\"alignnone wp-image-2221 size-large\" src=\"https:\/\/agora.xtec.cat\/esc-laplana\/wp-content\/uploads\/usu2664\/2025\/03\/ESPLUGA-1-1024x1024.jpg\" alt=\"\" width=\"1024\" height=\"1024\" srcset=\"https:\/\/agora.xtec.cat\/esc-laplana\/wp-content\/uploads\/usu2664\/2025\/03\/ESPLUGA-1-1024x1024.jpg 1024w, https:\/\/agora.xtec.cat\/esc-laplana\/wp-content\/uploads\/usu2664\/2025\/03\/ESPLUGA-1-300x300.jpg 300w, https:\/\/agora.xtec.cat\/esc-laplana\/wp-content\/uploads\/usu2664\/2025\/03\/ESPLUGA-1-150x150.jpg 150w, https:\/\/agora.xtec.cat\/esc-laplana\/wp-content\/uploads\/usu2664\/2025\/03\/ESPLUGA-1-768x768.jpg 768w, https:\/\/agora.xtec.cat\/esc-laplana\/wp-content\/uploads\/usu2664\/2025\/03\/ESPLUGA-1.jpg 1080w\" sizes=\"auto, (max-width: 1024px) 100vw, 1024px\" \/><\/a><\/p>\n","protected":false},"excerpt":{"rendered":"<p>Avui l&#8217;alumnat de i4,i5, 1r i 2n hem anat al Celler de Vila-Seca a veure una obra de teatre.<br \/>\nAquesta activitat inclosa dins de les Activitats del Pla Educatiu d&#8217;Entorn organitzat per l&#8217;Ajuntament de Vila-Seca, ha consistit en un espectacle de titelles de la companyia Festuc&hellip;  <a href=\"https:\/\/agora.xtec.cat\/esc-laplana\/general\/anem-al-teatre-la-mongetera-magica\/\" title=\"Read Anem al teatre! &#8220;La mongetera m\u00e0gica!&#8221;\">Llegeix m\u00e9s\u00bb<\/a><\/p>\n","protected":false},"author":1,"featured_media":0,"comment_status":"open","ping_status":"closed","sticky":false,"template":"","format":"standard","meta":{"_bbp_topic_count":0,"_bbp_reply_count":0,"_bbp_total_topic_count":0,"_bbp_total_reply_count":0,"_bbp_voice_count":0,"_bbp_anonymous_reply_count":0,"_bbp_topic_count_hidden":0,"_bbp_reply_count_hidden":0,"_bbp_forum_subforum_count":0,"footnotes":""},"categories":[8,1,2,3,4],"tags":[],"class_list":["post-2220","post","type-post","status-publish","format-standard","hentry","category-1r-promo-21-29","category-general","category-i4-promo-24-32","category-i4-promo-23-31","category-portada"],"post_mailing_queue_ids":[],"_links":{"self":[{"href":"https:\/\/agora.xtec.cat\/esc-laplana\/wp-json\/wp\/v2\/posts\/2220","targetHints":{"allow":["GET"]}}],"collection":[{"href":"https:\/\/agora.xtec.cat\/esc-laplana\/wp-json\/wp\/v2\/posts"}],"about":[{"href":"https:\/\/agora.xtec.cat\/esc-laplana\/wp-json\/wp\/v2\/types\/post"}],"author":[{"embeddable":true,"href":"https:\/\/agora.xtec.cat\/esc-laplana\/wp-json\/wp\/v2\/users\/1"}],"replies":[{"embeddable":true,"href":"https:\/\/agora.xtec.cat\/esc-laplana\/wp-json\/wp\/v2\/comments?post=2220"}],"version-history":[{"count":6,"href":"https:\/\/agora.xtec.cat\/esc-laplana\/wp-json\/wp\/v2\/posts\/2220\/revisions"}],"predecessor-version":[{"id":2228,"href":"https:\/\/agora.xtec.cat\/esc-laplana\/wp-json\/wp\/v2\/posts\/2220\/revisions\/2228"}],"wp:attachment":[{"href":"https:\/\/agora.xtec.cat\/esc-laplana\/wp-json\/wp\/v2\/media?parent=2220"}],"wp:term":[{"taxonomy":"category","embeddable":true,"href":"https:\/\/agora.xtec.cat\/esc-laplana\/wp-json\/wp\/v2\/categories?post=2220"},{"taxonomy":"post_tag","embeddable":true,"href":"https:\/\/agora.xtec.cat\/esc-laplana\/wp-json\/wp\/v2\/tags?post=2220"}],"curies":[{"name":"wp","href":"https:\/\/api.w.org\/{rel}","templated":true}]}}