{"id":2192,"date":"2025-02-26T23:33:07","date_gmt":"2025-02-26T22:33:07","guid":{"rendered":"https:\/\/agora.xtec.cat\/esc-laplana\/?p=2192"},"modified":"2025-03-04T23:33:24","modified_gmt":"2025-03-04T22:33:24","slug":"2n-cafe-en-familia","status":"publish","type":"post","link":"https:\/\/agora.xtec.cat\/esc-laplana\/portada\/2n-cafe-en-familia\/","title":{"rendered":"2n Caf\u00e8 en fam\u00edlia"},"content":{"rendered":"<p style=\"text-align: justify;\">El passat dijous 20 de febrer vam retrobar-nos amb algunes fam\u00edlies per tal de fer el el 2n &#8220;Caf\u00e8 en fam\u00edlia&#8221;. En aquesta ocasi\u00f3, intentant repondre a algunes de la inquietuts que ens van mostrar a la primera trobada, vam intentar ensenyar el projecte del centre, les diferents metodologies que es porten a terme i alguns dels materials que fan servir els seus fills i filles a l&#8217;aula. Vam compartir manera de fer, maneres de pensar i vam rebre unes paraules de suport que ens donen energia per tal de continuar nostra tasca educativa. Per acabar aquesta estona, vam poder visitar els 3 ambients d&#8217;Educaci\u00f3 Infantil (Natura, Xerra que xerra, Fer i desfer) i el recent inaugurat &#8220;Niuet de la lectura&#8221;.<\/p>\n<p style=\"text-align: justify;\"><em>Volem donar novament les gr\u00e0cies a les persones que vau poder assistir, va ser una tarda ben gratificant.<\/em><\/p>\n<p style=\"text-align: justify;\"><strong>RECORDEU QUE ENCARA ESTEU A TEMPS DE VENIR A LA 3era TROBADA! US ESPEREM!<\/strong><\/p>\n<p><a href=\"https:\/\/drive.google.com\/drive\/folders\/1CcS2rtRHeZNJ6C-MlfV85IHBs4OJfZ73?usp=sharing\"><img loading=\"lazy\" decoding=\"async\" class=\"alignnone wp-image-2193\" src=\"https:\/\/agora.xtec.cat\/esc-laplana\/wp-content\/uploads\/usu2664\/2025\/03\/ESPLUGA-1024x1024.jpeg\" alt=\"\" width=\"525\" height=\"525\" srcset=\"https:\/\/agora.xtec.cat\/esc-laplana\/wp-content\/uploads\/usu2664\/2025\/03\/ESPLUGA-1024x1024.jpeg 1024w, https:\/\/agora.xtec.cat\/esc-laplana\/wp-content\/uploads\/usu2664\/2025\/03\/ESPLUGA-300x300.jpeg 300w, https:\/\/agora.xtec.cat\/esc-laplana\/wp-content\/uploads\/usu2664\/2025\/03\/ESPLUGA-150x150.jpeg 150w, https:\/\/agora.xtec.cat\/esc-laplana\/wp-content\/uploads\/usu2664\/2025\/03\/ESPLUGA-768x768.jpeg 768w, https:\/\/agora.xtec.cat\/esc-laplana\/wp-content\/uploads\/usu2664\/2025\/03\/ESPLUGA.jpeg 1080w\" sizes=\"auto, (max-width: 525px) 100vw, 525px\" \/><\/a><\/p>\n<p><strong>Si voleu veure algunes fotografies feu &#8220;clic&#8221; a sobre la imatge.<\/strong><\/p>\n","protected":false},"excerpt":{"rendered":"<p>El passat dijous 20 de febrer vam retrobar-nos amb algunes fam\u00edlies per tal de fer el el 2n &#8220;Caf\u00e8 en fam\u00edlia&#8221;. En aquesta ocasi\u00f3, intentant repondre a algunes de la inquietuts que ens van mostrar a la primera trobada, vam intentar ensenyar el projecte del&hellip;  <a href=\"https:\/\/agora.xtec.cat\/esc-laplana\/portada\/2n-cafe-en-familia\/\" title=\"Read 2n Caf\u00e8 en fam\u00edlia\">Llegeix m\u00e9s\u00bb<\/a><\/p>\n","protected":false},"author":1,"featured_media":0,"comment_status":"open","ping_status":"closed","sticky":false,"template":"","format":"standard","meta":{"_bbp_topic_count":0,"_bbp_reply_count":0,"_bbp_total_topic_count":0,"_bbp_total_reply_count":0,"_bbp_voice_count":0,"_bbp_anonymous_reply_count":0,"_bbp_topic_count_hidden":0,"_bbp_reply_count_hidden":0,"_bbp_forum_subforum_count":0,"footnotes":""},"categories":[4],"tags":[],"class_list":["post-2192","post","type-post","status-publish","format-standard","hentry","category-portada"],"post_mailing_queue_ids":[],"_links":{"self":[{"href":"https:\/\/agora.xtec.cat\/esc-laplana\/wp-json\/wp\/v2\/posts\/2192","targetHints":{"allow":["GET"]}}],"collection":[{"href":"https:\/\/agora.xtec.cat\/esc-laplana\/wp-json\/wp\/v2\/posts"}],"about":[{"href":"https:\/\/agora.xtec.cat\/esc-laplana\/wp-json\/wp\/v2\/types\/post"}],"author":[{"embeddable":true,"href":"https:\/\/agora.xtec.cat\/esc-laplana\/wp-json\/wp\/v2\/users\/1"}],"replies":[{"embeddable":true,"href":"https:\/\/agora.xtec.cat\/esc-laplana\/wp-json\/wp\/v2\/comments?post=2192"}],"version-history":[{"count":1,"href":"https:\/\/agora.xtec.cat\/esc-laplana\/wp-json\/wp\/v2\/posts\/2192\/revisions"}],"predecessor-version":[{"id":2194,"href":"https:\/\/agora.xtec.cat\/esc-laplana\/wp-json\/wp\/v2\/posts\/2192\/revisions\/2194"}],"wp:attachment":[{"href":"https:\/\/agora.xtec.cat\/esc-laplana\/wp-json\/wp\/v2\/media?parent=2192"}],"wp:term":[{"taxonomy":"category","embeddable":true,"href":"https:\/\/agora.xtec.cat\/esc-laplana\/wp-json\/wp\/v2\/categories?post=2192"},{"taxonomy":"post_tag","embeddable":true,"href":"https:\/\/agora.xtec.cat\/esc-laplana\/wp-json\/wp\/v2\/tags?post=2192"}],"curies":[{"name":"wp","href":"https:\/\/api.w.org\/{rel}","templated":true}]}}