{"id":2183,"date":"2025-02-27T23:02:05","date_gmt":"2025-02-27T22:02:05","guid":{"rendered":"https:\/\/agora.xtec.cat\/esc-laplana\/?p=2183"},"modified":"2025-03-04T23:05:56","modified_gmt":"2025-03-04T22:05:56","slug":"sortida-museu-casteller-de-valls","status":"publish","type":"post","link":"https:\/\/agora.xtec.cat\/esc-laplana\/general\/sortida-museu-casteller-de-valls\/","title":{"rendered":"SORTIDA MUSEU CASTELLER DE VALLS"},"content":{"rendered":"<p style=\"text-align: justify;\">El passat divendres 21 de febrer l&#8217;alumnat de Cicle Mitj\u00e0 i de Cicle Superior van realitzar una sortida a Valls. All\u00ed van fer una visita guiada per con\u00e8ixer els elements m\u00e9s importants del patrimoni de Valls i van acabar a les noves instal.lacions del Museu Casteller de Catalunya. En aquest museu van realitzar un taller titulat &#8220;Fem pinya&#8221; per tal d&#8217;aprendre el fet casteller de manera din\u00e0mica, te\u00f2rica i tamb\u00e9 pr\u00e0ctica mitjan\u00e7ant el joc (Identificar les construccions castelleres, entendre l&#8217;equilibri i les din\u00e0miques grupals vers les construccions, quines parts formen un castell,&#8230;.). Va ser una sortida on vam poder experimentar el treball i la cohesi\u00f3 de grup!<\/p>\n<p><strong><a href=\"https:\/\/drive.google.com\/drive\/folders\/1moSevQtnbxS-45EiY0fV8mwREPzZdoAa?usp=sharing\"><img loading=\"lazy\" decoding=\"async\" class=\"alignnone wp-image-2186 size-large\" src=\"https:\/\/agora.xtec.cat\/esc-laplana\/wp-content\/uploads\/usu2664\/2025\/02\/ESPLUGA-1-1024x1024.jpeg\" alt=\"\" width=\"1024\" height=\"1024\" srcset=\"https:\/\/agora.xtec.cat\/esc-laplana\/wp-content\/uploads\/usu2664\/2025\/02\/ESPLUGA-1-1024x1024.jpeg 1024w, https:\/\/agora.xtec.cat\/esc-laplana\/wp-content\/uploads\/usu2664\/2025\/02\/ESPLUGA-1-300x300.jpeg 300w, https:\/\/agora.xtec.cat\/esc-laplana\/wp-content\/uploads\/usu2664\/2025\/02\/ESPLUGA-1-150x150.jpeg 150w, https:\/\/agora.xtec.cat\/esc-laplana\/wp-content\/uploads\/usu2664\/2025\/02\/ESPLUGA-1-768x768.jpeg 768w, https:\/\/agora.xtec.cat\/esc-laplana\/wp-content\/uploads\/usu2664\/2025\/02\/ESPLUGA-1.jpeg 1080w\" sizes=\"auto, (max-width: 1024px) 100vw, 1024px\" \/><\/a>Si voleu veure algunes fotografies feu &#8220;clic&#8221; a sobre de la imatge.<\/strong><\/p>\n","protected":false},"excerpt":{"rendered":"<p>El passat divendres 21 de febrer l&#8217;alumnat de Cicle Mitj\u00e0 i de Cicle Superior van realitzar una sortida a Valls. All\u00ed van fer una visita guiada per con\u00e8ixer els elements m\u00e9s importants del patrimoni de Valls i van acabar a les noves instal.lacions del Museu&hellip;  <a href=\"https:\/\/agora.xtec.cat\/esc-laplana\/general\/sortida-museu-casteller-de-valls\/\" title=\"Read SORTIDA MUSEU CASTELLER DE VALLS\">Llegeix m\u00e9s\u00bb<\/a><\/p>\n","protected":false},"author":1,"featured_media":0,"comment_status":"open","ping_status":"closed","sticky":false,"template":"","format":"standard","meta":{"_bbp_topic_count":0,"_bbp_reply_count":0,"_bbp_total_topic_count":0,"_bbp_total_reply_count":0,"_bbp_voice_count":0,"_bbp_anonymous_reply_count":0,"_bbp_topic_count_hidden":0,"_bbp_reply_count_hidden":0,"_bbp_forum_subforum_count":0,"footnotes":""},"categories":[9,10,11,12,1,4],"tags":[],"class_list":["post-2183","post","type-post","status-publish","format-standard","hentry","category-2n-promo-20-28","category-3r-promo-19-27","category-4t-promo-18-26","category-5e-promo-17-25","category-general","category-portada"],"post_mailing_queue_ids":[],"_links":{"self":[{"href":"https:\/\/agora.xtec.cat\/esc-laplana\/wp-json\/wp\/v2\/posts\/2183","targetHints":{"allow":["GET"]}}],"collection":[{"href":"https:\/\/agora.xtec.cat\/esc-laplana\/wp-json\/wp\/v2\/posts"}],"about":[{"href":"https:\/\/agora.xtec.cat\/esc-laplana\/wp-json\/wp\/v2\/types\/post"}],"author":[{"embeddable":true,"href":"https:\/\/agora.xtec.cat\/esc-laplana\/wp-json\/wp\/v2\/users\/1"}],"replies":[{"embeddable":true,"href":"https:\/\/agora.xtec.cat\/esc-laplana\/wp-json\/wp\/v2\/comments?post=2183"}],"version-history":[{"count":5,"href":"https:\/\/agora.xtec.cat\/esc-laplana\/wp-json\/wp\/v2\/posts\/2183\/revisions"}],"predecessor-version":[{"id":2190,"href":"https:\/\/agora.xtec.cat\/esc-laplana\/wp-json\/wp\/v2\/posts\/2183\/revisions\/2190"}],"wp:attachment":[{"href":"https:\/\/agora.xtec.cat\/esc-laplana\/wp-json\/wp\/v2\/media?parent=2183"}],"wp:term":[{"taxonomy":"category","embeddable":true,"href":"https:\/\/agora.xtec.cat\/esc-laplana\/wp-json\/wp\/v2\/categories?post=2183"},{"taxonomy":"post_tag","embeddable":true,"href":"https:\/\/agora.xtec.cat\/esc-laplana\/wp-json\/wp\/v2\/tags?post=2183"}],"curies":[{"name":"wp","href":"https:\/\/api.w.org\/{rel}","templated":true}]}}