{"id":2138,"date":"2025-02-12T12:42:41","date_gmt":"2025-02-12T11:42:41","guid":{"rendered":"https:\/\/agora.xtec.cat\/esc-laplana\/?p=2138"},"modified":"2025-02-12T15:17:51","modified_gmt":"2025-02-12T14:17:51","slug":"sortida-de-6e-el-cicle-de-laigua-urba","status":"publish","type":"post","link":"https:\/\/agora.xtec.cat\/esc-laplana\/portada\/sortida-de-6e-el-cicle-de-laigua-urba\/","title":{"rendered":"Sortida de 6\u00e8 El cicle de l&#8217;aigua urb\u00e0"},"content":{"rendered":"<p>El passat dimarts dia 4 de febrer, l&#8217;alumnat de 6\u00e8 va poder gaudir d&#8217;una jornada destinada al coneixement de tot el cicle natural i urb\u00e0 de l&#8217;aigua, a trav\u00e9s del Pla Educatiu d&#8217;Entorn organitzat per l&#8217;Ajuntament de Vila-Seca.<\/p>\n<p>Va ser una jornada molt profitosa que ens va conscienciar de la import\u00e0ncia del bon \u00fas de l&#8217;aigua.<\/p>\n<p><strong>(Si voleu veure algunes fotografies de la sortida feu &#8220;clic&#8221; a sobre la imatge).<\/strong><\/p>\n<p><a href=\"https:\/\/drive.google.com\/drive\/folders\/19AMptqy_G4hK9pqEdZKTiTmEyeexi1Ms?usp=drive_link\"><img loading=\"lazy\" decoding=\"async\" class=\"wp-image-2140 aligncenter\" src=\"https:\/\/agora.xtec.cat\/esc-laplana\/wp-content\/uploads\/usu2664\/2025\/02\/A-raig-Daixeta-1024x771.jpg\" alt=\"\" width=\"595\" height=\"448\" srcset=\"https:\/\/agora.xtec.cat\/esc-laplana\/wp-content\/uploads\/usu2664\/2025\/02\/A-raig-Daixeta-1024x771.jpg 1024w, https:\/\/agora.xtec.cat\/esc-laplana\/wp-content\/uploads\/usu2664\/2025\/02\/A-raig-Daixeta-300x226.jpg 300w, https:\/\/agora.xtec.cat\/esc-laplana\/wp-content\/uploads\/usu2664\/2025\/02\/A-raig-Daixeta-768x578.jpg 768w, https:\/\/agora.xtec.cat\/esc-laplana\/wp-content\/uploads\/usu2664\/2025\/02\/A-raig-Daixeta-1536x1156.jpg 1536w, https:\/\/agora.xtec.cat\/esc-laplana\/wp-content\/uploads\/usu2664\/2025\/02\/A-raig-Daixeta-200x150.jpg 200w, https:\/\/agora.xtec.cat\/esc-laplana\/wp-content\/uploads\/usu2664\/2025\/02\/A-raig-Daixeta-rotated.jpg 1600w\" sizes=\"auto, (max-width: 595px) 100vw, 595px\" \/><\/a><\/p>\n","protected":false},"excerpt":{"rendered":"<p>El passat dimarts dia 4 de febrer, l&#8217;alumnat de 6\u00e8 va poder gaudir d&#8217;una jornada destinada al coneixement de tot el cicle natural i urb\u00e0 de l&#8217;aigua, a trav\u00e9s del Pla Educatiu d&#8217;Entorn organitzat per l&#8217;Ajuntament de Vila-Seca.<br \/>\nVa ser una jornada molt profitosa que ens&hellip;  <a href=\"https:\/\/agora.xtec.cat\/esc-laplana\/portada\/sortida-de-6e-el-cicle-de-laigua-urba\/\" title=\"Read Sortida de 6\u00e8 El cicle de l&#8217;aigua urb\u00e0\">Llegeix m\u00e9s\u00bb<\/a><\/p>\n","protected":false},"author":22,"featured_media":0,"comment_status":"open","ping_status":"closed","sticky":false,"template":"","format":"standard","meta":{"_bbp_topic_count":0,"_bbp_reply_count":0,"_bbp_total_topic_count":0,"_bbp_total_reply_count":0,"_bbp_voice_count":0,"_bbp_anonymous_reply_count":0,"_bbp_topic_count_hidden":0,"_bbp_reply_count_hidden":0,"_bbp_forum_subforum_count":0,"footnotes":""},"categories":[12,4],"tags":[],"class_list":["post-2138","post","type-post","status-publish","format-standard","hentry","category-5e-promo-17-25","category-portada"],"post_mailing_queue_ids":[],"_links":{"self":[{"href":"https:\/\/agora.xtec.cat\/esc-laplana\/wp-json\/wp\/v2\/posts\/2138","targetHints":{"allow":["GET"]}}],"collection":[{"href":"https:\/\/agora.xtec.cat\/esc-laplana\/wp-json\/wp\/v2\/posts"}],"about":[{"href":"https:\/\/agora.xtec.cat\/esc-laplana\/wp-json\/wp\/v2\/types\/post"}],"author":[{"embeddable":true,"href":"https:\/\/agora.xtec.cat\/esc-laplana\/wp-json\/wp\/v2\/users\/22"}],"replies":[{"embeddable":true,"href":"https:\/\/agora.xtec.cat\/esc-laplana\/wp-json\/wp\/v2\/comments?post=2138"}],"version-history":[{"count":5,"href":"https:\/\/agora.xtec.cat\/esc-laplana\/wp-json\/wp\/v2\/posts\/2138\/revisions"}],"predecessor-version":[{"id":2151,"href":"https:\/\/agora.xtec.cat\/esc-laplana\/wp-json\/wp\/v2\/posts\/2138\/revisions\/2151"}],"wp:attachment":[{"href":"https:\/\/agora.xtec.cat\/esc-laplana\/wp-json\/wp\/v2\/media?parent=2138"}],"wp:term":[{"taxonomy":"category","embeddable":true,"href":"https:\/\/agora.xtec.cat\/esc-laplana\/wp-json\/wp\/v2\/categories?post=2138"},{"taxonomy":"post_tag","embeddable":true,"href":"https:\/\/agora.xtec.cat\/esc-laplana\/wp-json\/wp\/v2\/tags?post=2138"}],"curies":[{"name":"wp","href":"https:\/\/api.w.org\/{rel}","templated":true}]}}