{"id":2134,"date":"2025-02-09T21:20:38","date_gmt":"2025-02-09T20:20:38","guid":{"rendered":"https:\/\/agora.xtec.cat\/esc-laplana\/?p=2134"},"modified":"2025-02-09T21:20:38","modified_gmt":"2025-02-09T20:20:38","slug":"moltes-gracies-maruja","status":"publish","type":"post","link":"https:\/\/agora.xtec.cat\/esc-laplana\/general\/moltes-gracies-maruja\/","title":{"rendered":"MOLTES GR\u00c0CIES MARUJA!"},"content":{"rendered":"<p>Divendres va ser un dia molt emotiu i molt especial; la Maruja la &#8220;Reina del Menjador&#8221; es jubila despr\u00e9s de tants i tants anys encarregant-se del menjador de la nostra escola. L&#8217;equip de mestres amb tot l&#8217;alumnat de l&#8217;escola li vam preparar diferents sorpreses i regals per donar-li les gr\u00e0cies i desitjar-li molt\u00edssima sort en aquesta nova etapa que comen\u00e7a. Tot i que estem molt contents per ella, tamb\u00e9 vam viure moments molt emotius quan li vam entregar els nostres millors desitjos i paraules d&#8217;agra\u00efment en forma d&#8217;aliments que la Maruja anava recollint i posant dins de la butxaca del davantal tot escoltant una can\u00e7\u00f3 creada per a l&#8217;ocasi\u00f3.<\/p>\n<p><iframe loading=\"lazy\" src=\"https:\/\/drive.google.com\/file\/d\/1QzC_CxjfUO-EmIpsdKvfDvnKlJ_r7rCS\/preview\" width=\"640\" height=\"480\"><\/iframe><br \/>\nMOLTES GR\u00c0CIES MARUJA ET TROBAREM A FALTAR MOLT\u00cdSSIM! MOLTA SORT EN AQUESTA NOVA ETAPA!<\/p>\n<p>Maruja, ets la Reina del menjador i a la Plana mai t&#8217;oblidarem.<\/p>\n<p>(Si voleu veure algunes imatges feu clic a sobre la foto).<\/p>\n<p><a href=\"https:\/\/drive.google.com\/drive\/folders\/19sjCcmT_BVstIuyYcsYmmz5ChjimbUex?usp=sharing\"><img loading=\"lazy\" decoding=\"async\" class=\"alignnone wp-image-2135\" src=\"https:\/\/agora.xtec.cat\/esc-laplana\/wp-content\/uploads\/usu2664\/2025\/02\/ESPLUGA-1024x1024.jpeg\" alt=\"\" width=\"665\" height=\"665\" srcset=\"https:\/\/agora.xtec.cat\/esc-laplana\/wp-content\/uploads\/usu2664\/2025\/02\/ESPLUGA-1024x1024.jpeg 1024w, https:\/\/agora.xtec.cat\/esc-laplana\/wp-content\/uploads\/usu2664\/2025\/02\/ESPLUGA-300x300.jpeg 300w, https:\/\/agora.xtec.cat\/esc-laplana\/wp-content\/uploads\/usu2664\/2025\/02\/ESPLUGA-150x150.jpeg 150w, https:\/\/agora.xtec.cat\/esc-laplana\/wp-content\/uploads\/usu2664\/2025\/02\/ESPLUGA-768x768.jpeg 768w, https:\/\/agora.xtec.cat\/esc-laplana\/wp-content\/uploads\/usu2664\/2025\/02\/ESPLUGA.jpeg 1080w\" sizes=\"auto, (max-width: 665px) 100vw, 665px\" \/><\/a><\/p>\n","protected":false},"excerpt":{"rendered":"<p>Divendres va ser un dia molt emotiu i molt especial; la Maruja la &#8220;Reina del Menjador&#8221; es jubila despr\u00e9s de tants i tants anys encarregant-se del menjador de la nostra escola. L&#8217;equip de mestres amb tot l&#8217;alumnat de l&#8217;escola li vam preparar diferents sorpreses i&hellip;  <a href=\"https:\/\/agora.xtec.cat\/esc-laplana\/general\/moltes-gracies-maruja\/\" title=\"Read MOLTES GR\u00c0CIES MARUJA!\">Llegeix m\u00e9s\u00bb<\/a><\/p>\n","protected":false},"author":1,"featured_media":0,"comment_status":"open","ping_status":"closed","sticky":false,"template":"","format":"standard","meta":{"_bbp_topic_count":0,"_bbp_reply_count":0,"_bbp_total_topic_count":0,"_bbp_total_reply_count":0,"_bbp_voice_count":0,"_bbp_anonymous_reply_count":0,"_bbp_topic_count_hidden":0,"_bbp_reply_count_hidden":0,"_bbp_forum_subforum_count":0,"footnotes":""},"categories":[7,1,4],"tags":[],"class_list":["post-2134","post","type-post","status-publish","format-standard","hentry","category-ampa","category-general","category-portada"],"post_mailing_queue_ids":[],"_links":{"self":[{"href":"https:\/\/agora.xtec.cat\/esc-laplana\/wp-json\/wp\/v2\/posts\/2134","targetHints":{"allow":["GET"]}}],"collection":[{"href":"https:\/\/agora.xtec.cat\/esc-laplana\/wp-json\/wp\/v2\/posts"}],"about":[{"href":"https:\/\/agora.xtec.cat\/esc-laplana\/wp-json\/wp\/v2\/types\/post"}],"author":[{"embeddable":true,"href":"https:\/\/agora.xtec.cat\/esc-laplana\/wp-json\/wp\/v2\/users\/1"}],"replies":[{"embeddable":true,"href":"https:\/\/agora.xtec.cat\/esc-laplana\/wp-json\/wp\/v2\/comments?post=2134"}],"version-history":[{"count":1,"href":"https:\/\/agora.xtec.cat\/esc-laplana\/wp-json\/wp\/v2\/posts\/2134\/revisions"}],"predecessor-version":[{"id":2136,"href":"https:\/\/agora.xtec.cat\/esc-laplana\/wp-json\/wp\/v2\/posts\/2134\/revisions\/2136"}],"wp:attachment":[{"href":"https:\/\/agora.xtec.cat\/esc-laplana\/wp-json\/wp\/v2\/media?parent=2134"}],"wp:term":[{"taxonomy":"category","embeddable":true,"href":"https:\/\/agora.xtec.cat\/esc-laplana\/wp-json\/wp\/v2\/categories?post=2134"},{"taxonomy":"post_tag","embeddable":true,"href":"https:\/\/agora.xtec.cat\/esc-laplana\/wp-json\/wp\/v2\/tags?post=2134"}],"curies":[{"name":"wp","href":"https:\/\/api.w.org\/{rel}","templated":true}]}}