{"id":2126,"date":"2025-02-03T09:30:17","date_gmt":"2025-02-03T08:30:17","guid":{"rendered":"https:\/\/agora.xtec.cat\/esc-laplana\/?p=2126"},"modified":"2025-02-03T09:30:17","modified_gmt":"2025-02-03T08:30:17","slug":"denip-2025","status":"publish","type":"post","link":"https:\/\/agora.xtec.cat\/esc-laplana\/general\/denip-2025\/","title":{"rendered":"DENIP 2025"},"content":{"rendered":"<p style=\"text-align: justify;\">Com cada 30 de gener hem celebrat el DENIP (Dia Escolar de la No Viol\u00e8ncia i de la Pau) i, en aquesta ocasi\u00f3 ens hem inspirat en un conte titulat &#8220;S\u00f3c d&#8217;un poble&#8221; basat en la can\u00e7\u00f3 de la banda musical tarragonina &#8220;ROBA ESTESA&#8221;. Un <strong>conte infantil<\/strong>\u00a0que vol parlar als m\u00e9s petits i no tan petits de\u00a0valors com la diversitat, el respecte i la tendresa, i que es basa en la idea que el m\u00f3n pot ser millor si cadascun de nosaltres hi posa el seu granet de sorra.<\/p>\n<p style=\"text-align: justify;\">L&#8217;alumnat de l&#8217;escola, despr\u00e9s de llegir el conte i d&#8217;escoltar la can\u00e7\u00f3, ha dibuixat &#8220;casa seva&#8221; per representar <strong>el seu poble<\/strong> i han escrit missatges dins d&#8217;uns coloms representant els seus desitjos de PAU i com volen que sigui l&#8217;entorn on viuen.<\/p>\n<p style=\"text-align: justify;\">Aquest mural conjunt l&#8217;hem penjat a la fa\u00e7ana de l&#8217;escola per tal que les fam\u00edlies puguin veure i con\u00e8ixer quins s\u00f3n els missatges i els desitjos dels nens i les nenes de l&#8217;escola.<\/p>\n<p>L&#8217;acte ha acabat ballant i escoltant la can\u00e7\u00f3 tots plegats fent una rotllan<span style=\"font-family: inherit; font-size: 1em;\">a al pati de l&#8217;escola.<\/span><\/p>\n<p><strong>Per veure fotografies del DENIP podeu fer clic a sobre la imatge.<\/strong><\/p>\n<p><em>\u201cLa pau no \u00e9s nom\u00e9s l\u2019abs\u00e8ncia de la guerra, mentre hi hagi pobresa, racisme, discrimi<\/em><em style=\"font-family: inherit; font-size: 1em;\">naci\u00f3 i exclusi\u00f3 dif\u00edcilment podrem assolir un m\u00f3n en pau.\u201d \u2013 Rigoberta Mench\u00fa\u00a0 \u00a0<\/em><\/p>\n<p><a href=\"https:\/\/drive.google.com\/drive\/folders\/18PRMWUt7dQ9tYwPZlSO_gLemrSxfdC6-?usp=sharing\"><img loading=\"lazy\" decoding=\"async\" class=\"alignleft wp-image-2129\" style=\"text-align: justify;\" src=\"https:\/\/agora.xtec.cat\/esc-laplana\/wp-content\/uploads\/usu2664\/2025\/01\/ESPLUGA-1024x1024.jpg\" alt=\"\" width=\"519\" height=\"519\" srcset=\"https:\/\/agora.xtec.cat\/esc-laplana\/wp-content\/uploads\/usu2664\/2025\/01\/ESPLUGA-1024x1024.jpg 1024w, https:\/\/agora.xtec.cat\/esc-laplana\/wp-content\/uploads\/usu2664\/2025\/01\/ESPLUGA-300x300.jpg 300w, https:\/\/agora.xtec.cat\/esc-laplana\/wp-content\/uploads\/usu2664\/2025\/01\/ESPLUGA-150x150.jpg 150w, https:\/\/agora.xtec.cat\/esc-laplana\/wp-content\/uploads\/usu2664\/2025\/01\/ESPLUGA-768x768.jpg 768w, https:\/\/agora.xtec.cat\/esc-laplana\/wp-content\/uploads\/usu2664\/2025\/01\/ESPLUGA.jpg 1080w\" sizes=\"auto, (max-width: 519px) 100vw, 519px\" \/><\/a><\/p>\n<p style=\"text-align: justify;\">\n","protected":false},"excerpt":{"rendered":"<p>Com cada 30 de gener hem celebrat el DENIP (Dia Escolar de la No Viol\u00e8ncia i de la Pau) i, en aquesta ocasi\u00f3 ens hem inspirat en un conte titulat &#8220;S\u00f3c d&#8217;un poble&#8221; basat en la can\u00e7\u00f3 de la banda musical tarragonina &#8220;ROBA ESTESA&#8221;. Un&hellip;  <a href=\"https:\/\/agora.xtec.cat\/esc-laplana\/general\/denip-2025\/\" title=\"Read DENIP 2025\">Llegeix m\u00e9s\u00bb<\/a><\/p>\n","protected":false},"author":1,"featured_media":0,"comment_status":"open","ping_status":"closed","sticky":false,"template":"","format":"standard","meta":{"_bbp_topic_count":0,"_bbp_reply_count":0,"_bbp_total_topic_count":0,"_bbp_total_reply_count":0,"_bbp_voice_count":0,"_bbp_anonymous_reply_count":0,"_bbp_topic_count_hidden":0,"_bbp_reply_count_hidden":0,"_bbp_forum_subforum_count":0,"footnotes":""},"categories":[1,4],"tags":[],"class_list":["post-2126","post","type-post","status-publish","format-standard","hentry","category-general","category-portada"],"post_mailing_queue_ids":[],"_links":{"self":[{"href":"https:\/\/agora.xtec.cat\/esc-laplana\/wp-json\/wp\/v2\/posts\/2126","targetHints":{"allow":["GET"]}}],"collection":[{"href":"https:\/\/agora.xtec.cat\/esc-laplana\/wp-json\/wp\/v2\/posts"}],"about":[{"href":"https:\/\/agora.xtec.cat\/esc-laplana\/wp-json\/wp\/v2\/types\/post"}],"author":[{"embeddable":true,"href":"https:\/\/agora.xtec.cat\/esc-laplana\/wp-json\/wp\/v2\/users\/1"}],"replies":[{"embeddable":true,"href":"https:\/\/agora.xtec.cat\/esc-laplana\/wp-json\/wp\/v2\/comments?post=2126"}],"version-history":[{"count":2,"href":"https:\/\/agora.xtec.cat\/esc-laplana\/wp-json\/wp\/v2\/posts\/2126\/revisions"}],"predecessor-version":[{"id":2130,"href":"https:\/\/agora.xtec.cat\/esc-laplana\/wp-json\/wp\/v2\/posts\/2126\/revisions\/2130"}],"wp:attachment":[{"href":"https:\/\/agora.xtec.cat\/esc-laplana\/wp-json\/wp\/v2\/media?parent=2126"}],"wp:term":[{"taxonomy":"category","embeddable":true,"href":"https:\/\/agora.xtec.cat\/esc-laplana\/wp-json\/wp\/v2\/categories?post=2126"},{"taxonomy":"post_tag","embeddable":true,"href":"https:\/\/agora.xtec.cat\/esc-laplana\/wp-json\/wp\/v2\/tags?post=2126"}],"curies":[{"name":"wp","href":"https:\/\/api.w.org\/{rel}","templated":true}]}}