{"id":2121,"date":"2025-01-29T11:35:59","date_gmt":"2025-01-29T10:35:59","guid":{"rendered":"https:\/\/agora.xtec.cat\/esc-laplana\/?p=2121"},"modified":"2025-01-31T08:01:21","modified_gmt":"2025-01-31T07:01:21","slug":"el-danubi-blau","status":"publish","type":"post","link":"https:\/\/agora.xtec.cat\/esc-laplana\/general\/el-danubi-blau\/","title":{"rendered":"El Danubi blau"},"content":{"rendered":"<p>Durant les sessions de m\u00fasica hem estat escoltant i vivint de forma activa l&#8217;audici\u00f3 <strong>&#8220;El Danubi blau&#8221;<\/strong>.<\/p>\n<p>En les diferents sessions hem pogut anar aprenent aspectes importants sobre la vida i l&#8217;obra del seu compositor. A partir d&#8217;aquestes experi\u00e8ncies i coneixements t\u00e9 lloc la <strong>Tert\u00falia dial\u00f2gica musical<\/strong> al voltant de l&#8217;obra.<\/p>\n<p>Si voleu veure com treballem l&#8217;obra cliqueu a la imatge del gram\u00f2fon:<\/p>\n<p><a href=\"https:\/\/drive.google.com\/drive\/folders\/1MwNFVEOWd1Jkca-pT_NybCaTngGsjP3q?usp=share_link\"><img loading=\"lazy\" decoding=\"async\" class=\"wp-image-2123 aligncenter\" src=\"https:\/\/agora.xtec.cat\/esc-laplana\/wp-content\/uploads\/usu2664\/2025\/01\/gramofon_musica-1024x1024.jpg\" alt=\"\" width=\"197\" height=\"197\" srcset=\"https:\/\/agora.xtec.cat\/esc-laplana\/wp-content\/uploads\/usu2664\/2025\/01\/gramofon_musica-1024x1024.jpg 1024w, https:\/\/agora.xtec.cat\/esc-laplana\/wp-content\/uploads\/usu2664\/2025\/01\/gramofon_musica-300x300.jpg 300w, https:\/\/agora.xtec.cat\/esc-laplana\/wp-content\/uploads\/usu2664\/2025\/01\/gramofon_musica-150x150.jpg 150w, https:\/\/agora.xtec.cat\/esc-laplana\/wp-content\/uploads\/usu2664\/2025\/01\/gramofon_musica-768x768.jpg 768w, https:\/\/agora.xtec.cat\/esc-laplana\/wp-content\/uploads\/usu2664\/2025\/01\/gramofon_musica-1536x1536.jpg 1536w, https:\/\/agora.xtec.cat\/esc-laplana\/wp-content\/uploads\/usu2664\/2025\/01\/gramofon_musica.jpg 1600w\" sizes=\"auto, (max-width: 197px) 100vw, 197px\" \/><\/a><\/p>\n","protected":false},"excerpt":{"rendered":"<p>Durant les sessions de m\u00fasica hem estat escoltant i vivint de forma activa l&#8217;audici\u00f3 &#8220;El Danubi blau&#8221;.<br \/>\nEn les diferents sessions hem pogut anar aprenent aspectes importants sobre la vida i l&#8217;obra del seu compositor. A partir d&#8217;aquestes experi\u00e8ncies i coneixements t\u00e9 lloc la Tert\u00falia dial\u00f2gica&hellip;  <a href=\"https:\/\/agora.xtec.cat\/esc-laplana\/general\/el-danubi-blau\/\" title=\"Read El Danubi blau\">Llegeix m\u00e9s\u00bb<\/a><\/p>\n","protected":false},"author":27,"featured_media":0,"comment_status":"open","ping_status":"closed","sticky":false,"template":"","format":"standard","meta":{"_bbp_topic_count":0,"_bbp_reply_count":0,"_bbp_total_topic_count":0,"_bbp_total_reply_count":0,"_bbp_voice_count":0,"_bbp_anonymous_reply_count":0,"_bbp_topic_count_hidden":0,"_bbp_reply_count_hidden":0,"_bbp_forum_subforum_count":0,"footnotes":""},"categories":[1,78,4,5],"tags":[],"class_list":["post-2121","post","type-post","status-publish","format-standard","hentry","category-general","category-musica","category-portada","category-primaria"],"post_mailing_queue_ids":[],"_links":{"self":[{"href":"https:\/\/agora.xtec.cat\/esc-laplana\/wp-json\/wp\/v2\/posts\/2121","targetHints":{"allow":["GET"]}}],"collection":[{"href":"https:\/\/agora.xtec.cat\/esc-laplana\/wp-json\/wp\/v2\/posts"}],"about":[{"href":"https:\/\/agora.xtec.cat\/esc-laplana\/wp-json\/wp\/v2\/types\/post"}],"author":[{"embeddable":true,"href":"https:\/\/agora.xtec.cat\/esc-laplana\/wp-json\/wp\/v2\/users\/27"}],"replies":[{"embeddable":true,"href":"https:\/\/agora.xtec.cat\/esc-laplana\/wp-json\/wp\/v2\/comments?post=2121"}],"version-history":[{"count":3,"href":"https:\/\/agora.xtec.cat\/esc-laplana\/wp-json\/wp\/v2\/posts\/2121\/revisions"}],"predecessor-version":[{"id":2125,"href":"https:\/\/agora.xtec.cat\/esc-laplana\/wp-json\/wp\/v2\/posts\/2121\/revisions\/2125"}],"wp:attachment":[{"href":"https:\/\/agora.xtec.cat\/esc-laplana\/wp-json\/wp\/v2\/media?parent=2121"}],"wp:term":[{"taxonomy":"category","embeddable":true,"href":"https:\/\/agora.xtec.cat\/esc-laplana\/wp-json\/wp\/v2\/categories?post=2121"},{"taxonomy":"post_tag","embeddable":true,"href":"https:\/\/agora.xtec.cat\/esc-laplana\/wp-json\/wp\/v2\/tags?post=2121"}],"curies":[{"name":"wp","href":"https:\/\/api.w.org\/{rel}","templated":true}]}}