{"id":2104,"date":"2025-01-20T22:45:54","date_gmt":"2025-01-20T21:45:54","guid":{"rendered":"https:\/\/agora.xtec.cat\/esc-laplana\/?p=2104"},"modified":"2025-01-20T23:08:19","modified_gmt":"2025-01-20T22:08:19","slug":"estem-de-festa","status":"publish","type":"post","link":"https:\/\/agora.xtec.cat\/esc-laplana\/general\/estem-de-festa\/","title":{"rendered":"ESTEM DE FESTA!"},"content":{"rendered":"<p>A l&#8217;escola hem volgut celebrar la Festa Major del nostre municipi i hem preparat 3 activitats que es poden fer durant aquests dies a Vila-Seca; descobrir els elements del seguici, el m\u00f3n del cavall i la tradicional cursa de pallassos i pallasses. Vam acabar la tarda amb una xocolata! Va ser una estona molt bonica!<\/p>\n<p>Volem donar les gr\u00e0cies al Miguel \u00c1ngel, alumne de pr\u00e0ctiques, que ens va portar molt de material sobre els cavalls i vam aprendre molt\u00edssimes coses.<\/p>\n<p>Si voleu veure fotografies feu &#8220;clic&#8221; a sobre de la imatge.<\/p>\n<p><a href=\"https:\/\/drive.google.com\/drive\/folders\/170Qq4UCn3wrCs3nyREdpfcnG-t_0W25N?usp=sharing\"><img loading=\"lazy\" decoding=\"async\" class=\"alignnone wp-image-2109\" src=\"https:\/\/agora.xtec.cat\/esc-laplana\/wp-content\/uploads\/usu2664\/2025\/01\/ESPLUGA-1024x1024.jpeg\" alt=\"\" width=\"641\" height=\"641\" srcset=\"https:\/\/agora.xtec.cat\/esc-laplana\/wp-content\/uploads\/usu2664\/2025\/01\/ESPLUGA-1024x1024.jpeg 1024w, https:\/\/agora.xtec.cat\/esc-laplana\/wp-content\/uploads\/usu2664\/2025\/01\/ESPLUGA-300x300.jpeg 300w, https:\/\/agora.xtec.cat\/esc-laplana\/wp-content\/uploads\/usu2664\/2025\/01\/ESPLUGA-150x150.jpeg 150w, https:\/\/agora.xtec.cat\/esc-laplana\/wp-content\/uploads\/usu2664\/2025\/01\/ESPLUGA-768x768.jpeg 768w, https:\/\/agora.xtec.cat\/esc-laplana\/wp-content\/uploads\/usu2664\/2025\/01\/ESPLUGA.jpeg 1080w\" sizes=\"auto, (max-width: 641px) 100vw, 641px\" \/><\/a><\/p>\n<p>&nbsp;<\/p>\n<p><iframe loading=\"lazy\" src=\"https:\/\/drive.google.com\/file\/d\/1XFmwLaP_eyP9rQQ3kBzBOlXxDfdusQkN\/preview\" width=\"640\" height=\"480\"><\/iframe><\/p>\n","protected":false},"excerpt":{"rendered":"<p>A l&#8217;escola hem volgut celebrar la Festa Major del nostre municipi i hem preparat 3 activitats que es poden fer durant aquests dies a Vila-Seca; descobrir els elements del seguici, el m\u00f3n del cavall i la tradicional cursa de pallassos i pallasses. Vam acabar la&hellip;  <a href=\"https:\/\/agora.xtec.cat\/esc-laplana\/general\/estem-de-festa\/\" title=\"Read ESTEM DE FESTA!\">Llegeix m\u00e9s\u00bb<\/a><\/p>\n","protected":false},"author":1,"featured_media":0,"comment_status":"open","ping_status":"closed","sticky":false,"template":"","format":"standard","meta":{"_bbp_topic_count":0,"_bbp_reply_count":0,"_bbp_total_topic_count":0,"_bbp_total_reply_count":0,"_bbp_voice_count":0,"_bbp_anonymous_reply_count":0,"_bbp_topic_count_hidden":0,"_bbp_reply_count_hidden":0,"_bbp_forum_subforum_count":0,"footnotes":""},"categories":[1,4],"tags":[],"class_list":["post-2104","post","type-post","status-publish","format-standard","hentry","category-general","category-portada"],"post_mailing_queue_ids":[],"_links":{"self":[{"href":"https:\/\/agora.xtec.cat\/esc-laplana\/wp-json\/wp\/v2\/posts\/2104","targetHints":{"allow":["GET"]}}],"collection":[{"href":"https:\/\/agora.xtec.cat\/esc-laplana\/wp-json\/wp\/v2\/posts"}],"about":[{"href":"https:\/\/agora.xtec.cat\/esc-laplana\/wp-json\/wp\/v2\/types\/post"}],"author":[{"embeddable":true,"href":"https:\/\/agora.xtec.cat\/esc-laplana\/wp-json\/wp\/v2\/users\/1"}],"replies":[{"embeddable":true,"href":"https:\/\/agora.xtec.cat\/esc-laplana\/wp-json\/wp\/v2\/comments?post=2104"}],"version-history":[{"count":6,"href":"https:\/\/agora.xtec.cat\/esc-laplana\/wp-json\/wp\/v2\/posts\/2104\/revisions"}],"predecessor-version":[{"id":2114,"href":"https:\/\/agora.xtec.cat\/esc-laplana\/wp-json\/wp\/v2\/posts\/2104\/revisions\/2114"}],"wp:attachment":[{"href":"https:\/\/agora.xtec.cat\/esc-laplana\/wp-json\/wp\/v2\/media?parent=2104"}],"wp:term":[{"taxonomy":"category","embeddable":true,"href":"https:\/\/agora.xtec.cat\/esc-laplana\/wp-json\/wp\/v2\/categories?post=2104"},{"taxonomy":"post_tag","embeddable":true,"href":"https:\/\/agora.xtec.cat\/esc-laplana\/wp-json\/wp\/v2\/tags?post=2104"}],"curies":[{"name":"wp","href":"https:\/\/api.w.org\/{rel}","templated":true}]}}