{"id":2047,"date":"2024-11-24T19:43:07","date_gmt":"2024-11-24T18:43:07","guid":{"rendered":"https:\/\/agora.xtec.cat\/esc-laplana\/?p=2047"},"modified":"2024-11-25T09:15:38","modified_gmt":"2024-11-25T08:15:38","slug":"santa-cecilia","status":"publish","type":"post","link":"https:\/\/agora.xtec.cat\/esc-laplana\/general\/santa-cecilia\/","title":{"rendered":"Santa Cec\u00edlia 2024"},"content":{"rendered":"<p>El passat <strong>divendres dia 22<\/strong> vam celebrar a l&#8217;Escola la <a href=\"https:\/\/www.canva.com\/design\/DAGRMIG9mWA\/_cUKLvkvTqinnoot62i0rA\/view?utm_content=DAGRMIG9mWA&amp;utm_campaign=designshare&amp;utm_medium=link&amp;utm_source=editor\">Festa de Santa Cec\u00edlia<\/a> amb una s\u00e8rie d&#8217;actuacions de tot l&#8217;alumnat al voltant de l&#8217;eix tem\u00e0tic: &#8220;La m\u00fasica \u00e9s cultura&#8221;.<\/p>\n<p>Les<strong> actuacions<\/strong> que es dugueren a terme foren:<\/p>\n<p>&#8211;<strong>Educaci\u00f3 infantil<\/strong>: &#8220;El patufet i les verduretes de l&#8217;hortet&#8221;<\/p>\n<p>&#8211;<strong>Cicle inicial<\/strong>: &#8220;Quan ve Festa Major&#8221;<\/p>\n<p>&#8211;<strong>Cicle mitj\u00e0<\/strong>: &#8220;Tornarem a omplir les places&#8221;<\/p>\n<p>&#8211;<strong>Cicle superior<\/strong>: &#8220;Hem nascut castellers&#8221;<\/p>\n<p>&#8211;<strong>Tot l&#8217;alumnat<\/strong>: &#8220;Cultura al carrer&#8221;<\/p>\n<p>A l&#8217;acabar el concert, tamb\u00e9 vam tenir ocasi\u00f3 de felicitar al Julio que feia anys, celebrant el seu aniversari i gaudint una mica m\u00e9s encara de com n&#8217;\u00e9s d&#8217;important per nosaltres la m\u00fasica!<\/p>\n<div style=\"position: relative; width: 100%; height: 0; padding-top: 75.0000%; padding-bottom: 0; box-shadow: 0 2px 8px 0 rgba(63,69,81,0.16); margin-top: 1.6em; margin-bottom: 0.9em; overflow: hidden; border-radius: 8px; will-change: transform;\"><iframe style=\"position: absolute; width: 100%; height: 100%; top: 0; left: 0; border: none; padding: 0; margin: 0;\" src=\"https:\/\/www.canva.com\/design\/DAGRMIG9mWA\/rpjSTszSynAacntZHqm6vA\/view?embed\" allowfullscreen=\"allowfullscreen\"><br \/>\n<\/iframe><\/div>\n<p>&nbsp;<\/p>\n","protected":false},"excerpt":{"rendered":"<p>El passat divendres dia 22 vam celebrar a l&#8217;Escola la <a href=\"https:\/\/www.canva.com\/design\/DAGRMIG9mWA\/_cUKLvkvTqinnoot62i0rA\/view?utm_content=DAGRMIG9mWA&amp;utm_campaign=designshare&amp;utm_medium=link&amp;utm_source=editor\">Festa de Santa Cec\u00edlia<\/a> amb una s\u00e8rie d&#8217;actuacions de tot l&#8217;alumnat al voltant de l&#8217;eix tem\u00e0tic: &#8220;La m\u00fasica \u00e9s cultura&#8221;.<br \/>\nLes actuacions que es dugueren a terme foren:<br \/>\n&#8211;Educaci\u00f3 infantil: &#8220;El patufet i les verduretes de&hellip;  <a href=\"https:\/\/agora.xtec.cat\/esc-laplana\/general\/santa-cecilia\/\" title=\"Read Santa Cec\u00edlia 2024\">Llegeix m\u00e9s\u00bb<\/a><\/p>\n","protected":false},"author":27,"featured_media":0,"comment_status":"open","ping_status":"closed","sticky":false,"template":"","format":"standard","meta":{"_bbp_topic_count":0,"_bbp_reply_count":0,"_bbp_total_topic_count":0,"_bbp_total_reply_count":0,"_bbp_voice_count":0,"_bbp_anonymous_reply_count":0,"_bbp_topic_count_hidden":0,"_bbp_reply_count_hidden":0,"_bbp_forum_subforum_count":0,"footnotes":""},"categories":[1,74,78,4,5],"tags":[79,70],"class_list":["post-2047","post","type-post","status-publish","format-standard","hentry","category-general","category-infantil","category-musica","category-portada","category-primaria","tag-festes","tag-musica"],"post_mailing_queue_ids":[],"_links":{"self":[{"href":"https:\/\/agora.xtec.cat\/esc-laplana\/wp-json\/wp\/v2\/posts\/2047","targetHints":{"allow":["GET"]}}],"collection":[{"href":"https:\/\/agora.xtec.cat\/esc-laplana\/wp-json\/wp\/v2\/posts"}],"about":[{"href":"https:\/\/agora.xtec.cat\/esc-laplana\/wp-json\/wp\/v2\/types\/post"}],"author":[{"embeddable":true,"href":"https:\/\/agora.xtec.cat\/esc-laplana\/wp-json\/wp\/v2\/users\/27"}],"replies":[{"embeddable":true,"href":"https:\/\/agora.xtec.cat\/esc-laplana\/wp-json\/wp\/v2\/comments?post=2047"}],"version-history":[{"count":6,"href":"https:\/\/agora.xtec.cat\/esc-laplana\/wp-json\/wp\/v2\/posts\/2047\/revisions"}],"predecessor-version":[{"id":2056,"href":"https:\/\/agora.xtec.cat\/esc-laplana\/wp-json\/wp\/v2\/posts\/2047\/revisions\/2056"}],"wp:attachment":[{"href":"https:\/\/agora.xtec.cat\/esc-laplana\/wp-json\/wp\/v2\/media?parent=2047"}],"wp:term":[{"taxonomy":"category","embeddable":true,"href":"https:\/\/agora.xtec.cat\/esc-laplana\/wp-json\/wp\/v2\/categories?post=2047"},{"taxonomy":"post_tag","embeddable":true,"href":"https:\/\/agora.xtec.cat\/esc-laplana\/wp-json\/wp\/v2\/tags?post=2047"}],"curies":[{"name":"wp","href":"https:\/\/api.w.org\/{rel}","templated":true}]}}