{"id":2041,"date":"2024-11-23T20:24:15","date_gmt":"2024-11-23T19:24:15","guid":{"rendered":"https:\/\/agora.xtec.cat\/esc-laplana\/?p=2041"},"modified":"2024-11-25T09:14:46","modified_gmt":"2024-11-25T08:14:46","slug":"el-pop-plastopus-visita-la-classe-de-1r","status":"publish","type":"post","link":"https:\/\/agora.xtec.cat\/esc-laplana\/portada\/el-pop-plastopus-visita-la-classe-de-1r\/","title":{"rendered":"El pop plastopus visita la classe de 1r!"},"content":{"rendered":"<p>Aquesta setmana, les nenes i els nens de 1r han dut a terme a l\u2019escola l\u2019activitat mediambiental anomenada \u201cLes aventures del pop Plastopus\u201d. Han pogut con\u00e8ixer, a trav\u00e9s d\u2019una hist\u00f2ria, com el pop es va trobant residus dins del mar, que han classificat per reciclar-los. A m\u00e9s a m\u00e9s, han gaudit molt reutilitzant materials per fer la manualitat del peixet!<\/p>\n<p>Aquesta activitat forma part del Pla Educatiu d&#8217;Entorn organitzat per l&#8217;Ajuntament de Vila-Seca amb la voluntat de sensibilitzar als\/els m\u00e9s petits\/es sobre la import\u00e0ncia de cuidar el nostre entorn.<\/p>\n<p><a href=\"https:\/\/agora.xtec.cat\/esc-laplana\/wp-content\/uploads\/usu2664\/2024\/11\/POP-PLASTOPUS.png\"><img loading=\"lazy\" decoding=\"async\" class=\"alignnone size-large wp-image-2042\" src=\"https:\/\/agora.xtec.cat\/esc-laplana\/wp-content\/uploads\/usu2664\/2024\/11\/POP-PLASTOPUS-1024x581.png\" alt=\"\" width=\"1024\" height=\"581\" srcset=\"https:\/\/agora.xtec.cat\/esc-laplana\/wp-content\/uploads\/usu2664\/2024\/11\/POP-PLASTOPUS-1024x581.png 1024w, https:\/\/agora.xtec.cat\/esc-laplana\/wp-content\/uploads\/usu2664\/2024\/11\/POP-PLASTOPUS-300x170.png 300w, https:\/\/agora.xtec.cat\/esc-laplana\/wp-content\/uploads\/usu2664\/2024\/11\/POP-PLASTOPUS-768x436.png 768w, https:\/\/agora.xtec.cat\/esc-laplana\/wp-content\/uploads\/usu2664\/2024\/11\/POP-PLASTOPUS.png 1250w\" sizes=\"auto, (max-width: 1024px) 100vw, 1024px\" \/><\/a><\/p>\n","protected":false},"excerpt":{"rendered":"<p>Aquesta setmana, les nenes i els nens de 1r han dut a terme a l\u2019escola l\u2019activitat mediambiental anomenada \u201cLes aventures del pop Plastopus\u201d. Han pogut con\u00e8ixer, a trav\u00e9s d\u2019una hist\u00f2ria, com el pop es va trobant residus dins del mar, que han classificat per reciclar-los.&hellip;  <a href=\"https:\/\/agora.xtec.cat\/esc-laplana\/portada\/el-pop-plastopus-visita-la-classe-de-1r\/\" title=\"Read El pop plastopus visita la classe de 1r!\">Llegeix m\u00e9s\u00bb<\/a><\/p>\n","protected":false},"author":1,"featured_media":0,"comment_status":"closed","ping_status":"closed","sticky":false,"template":"","format":"standard","meta":{"_bbp_topic_count":0,"_bbp_reply_count":0,"_bbp_total_topic_count":0,"_bbp_total_reply_count":0,"_bbp_voice_count":0,"_bbp_anonymous_reply_count":0,"_bbp_topic_count_hidden":0,"_bbp_reply_count_hidden":0,"_bbp_forum_subforum_count":0,"footnotes":""},"categories":[62,4],"tags":[],"class_list":["post-2041","post","type-post","status-publish","format-standard","hentry","category-i5-promo-22-30","category-portada"],"post_mailing_queue_ids":[],"_links":{"self":[{"href":"https:\/\/agora.xtec.cat\/esc-laplana\/wp-json\/wp\/v2\/posts\/2041","targetHints":{"allow":["GET"]}}],"collection":[{"href":"https:\/\/agora.xtec.cat\/esc-laplana\/wp-json\/wp\/v2\/posts"}],"about":[{"href":"https:\/\/agora.xtec.cat\/esc-laplana\/wp-json\/wp\/v2\/types\/post"}],"author":[{"embeddable":true,"href":"https:\/\/agora.xtec.cat\/esc-laplana\/wp-json\/wp\/v2\/users\/1"}],"replies":[{"embeddable":true,"href":"https:\/\/agora.xtec.cat\/esc-laplana\/wp-json\/wp\/v2\/comments?post=2041"}],"version-history":[{"count":5,"href":"https:\/\/agora.xtec.cat\/esc-laplana\/wp-json\/wp\/v2\/posts\/2041\/revisions"}],"predecessor-version":[{"id":2057,"href":"https:\/\/agora.xtec.cat\/esc-laplana\/wp-json\/wp\/v2\/posts\/2041\/revisions\/2057"}],"wp:attachment":[{"href":"https:\/\/agora.xtec.cat\/esc-laplana\/wp-json\/wp\/v2\/media?parent=2041"}],"wp:term":[{"taxonomy":"category","embeddable":true,"href":"https:\/\/agora.xtec.cat\/esc-laplana\/wp-json\/wp\/v2\/categories?post=2041"},{"taxonomy":"post_tag","embeddable":true,"href":"https:\/\/agora.xtec.cat\/esc-laplana\/wp-json\/wp\/v2\/tags?post=2041"}],"curies":[{"name":"wp","href":"https:\/\/api.w.org\/{rel}","templated":true}]}}