{"id":2037,"date":"2024-11-05T21:43:01","date_gmt":"2024-11-05T20:43:01","guid":{"rendered":"https:\/\/agora.xtec.cat\/esc-laplana\/?p=2037"},"modified":"2024-11-05T21:44:23","modified_gmt":"2024-11-05T20:44:23","slug":"valencia-estem-amb-vosaltres","status":"publish","type":"post","link":"https:\/\/agora.xtec.cat\/esc-laplana\/general\/valencia-estem-amb-vosaltres\/","title":{"rendered":"Val\u00e8ncia, estem amb vosaltres."},"content":{"rendered":"<p style=\"text-align: justify;\">El passat dimecres vam marxar de l&#8217;escola sense saber del tot la magnitud del que havia passat a Val\u00e8ncia a causa de la Dana. Avui, quan hem tornat a l&#8217;escola hem escoltat als nostres nens i nenes ja que han estat molts dies de veure les not\u00edcies que sortien per la televisi\u00f3 i, fins i tot, fam\u00edlies que han decidit col.laborar enviant productes i\/o anant a ajudar als pobles afectats.<\/p>\n<p style=\"text-align: justify;\">A les 11h hem realitzat un minut de silenci per reflexionar, per enviar el nostre escalf i sobretot per solidaritzar-nos amb la gent que est\u00e0 patint aquesta trag\u00e8dia.<\/p>\n<p><img loading=\"lazy\" decoding=\"async\" class=\"alignnone size-large wp-image-2038\" src=\"https:\/\/agora.xtec.cat\/esc-laplana\/wp-content\/uploads\/usu2664\/2024\/11\/1000065393-1024x1024.png\" alt=\"\" width=\"1024\" height=\"1024\" srcset=\"https:\/\/agora.xtec.cat\/esc-laplana\/wp-content\/uploads\/usu2664\/2024\/11\/1000065393-1024x1024.png 1024w, https:\/\/agora.xtec.cat\/esc-laplana\/wp-content\/uploads\/usu2664\/2024\/11\/1000065393-300x300.png 300w, https:\/\/agora.xtec.cat\/esc-laplana\/wp-content\/uploads\/usu2664\/2024\/11\/1000065393-150x150.png 150w, https:\/\/agora.xtec.cat\/esc-laplana\/wp-content\/uploads\/usu2664\/2024\/11\/1000065393-768x768.png 768w, https:\/\/agora.xtec.cat\/esc-laplana\/wp-content\/uploads\/usu2664\/2024\/11\/1000065393.png 1080w\" sizes=\"auto, (max-width: 1024px) 100vw, 1024px\" \/><\/p>\n<p>&nbsp;<\/p>\n","protected":false},"excerpt":{"rendered":"<p>El passat dimecres vam marxar de l&#8217;escola sense saber del tot la magnitud del que havia passat a Val\u00e8ncia a causa de la Dana. Avui, quan hem tornat a l&#8217;escola hem escoltat als nostres nens i nenes ja que han estat molts dies de veure&hellip;  <a href=\"https:\/\/agora.xtec.cat\/esc-laplana\/general\/valencia-estem-amb-vosaltres\/\" title=\"Read Val\u00e8ncia, estem amb vosaltres.\">Llegeix m\u00e9s\u00bb<\/a><\/p>\n","protected":false},"author":1,"featured_media":0,"comment_status":"open","ping_status":"closed","sticky":false,"template":"","format":"standard","meta":{"_bbp_topic_count":0,"_bbp_reply_count":0,"_bbp_total_topic_count":0,"_bbp_total_reply_count":0,"_bbp_voice_count":0,"_bbp_anonymous_reply_count":0,"_bbp_topic_count_hidden":0,"_bbp_reply_count_hidden":0,"_bbp_forum_subforum_count":0,"footnotes":""},"categories":[1,4],"tags":[],"class_list":["post-2037","post","type-post","status-publish","format-standard","hentry","category-general","category-portada"],"post_mailing_queue_ids":[],"_links":{"self":[{"href":"https:\/\/agora.xtec.cat\/esc-laplana\/wp-json\/wp\/v2\/posts\/2037","targetHints":{"allow":["GET"]}}],"collection":[{"href":"https:\/\/agora.xtec.cat\/esc-laplana\/wp-json\/wp\/v2\/posts"}],"about":[{"href":"https:\/\/agora.xtec.cat\/esc-laplana\/wp-json\/wp\/v2\/types\/post"}],"author":[{"embeddable":true,"href":"https:\/\/agora.xtec.cat\/esc-laplana\/wp-json\/wp\/v2\/users\/1"}],"replies":[{"embeddable":true,"href":"https:\/\/agora.xtec.cat\/esc-laplana\/wp-json\/wp\/v2\/comments?post=2037"}],"version-history":[{"count":2,"href":"https:\/\/agora.xtec.cat\/esc-laplana\/wp-json\/wp\/v2\/posts\/2037\/revisions"}],"predecessor-version":[{"id":2040,"href":"https:\/\/agora.xtec.cat\/esc-laplana\/wp-json\/wp\/v2\/posts\/2037\/revisions\/2040"}],"wp:attachment":[{"href":"https:\/\/agora.xtec.cat\/esc-laplana\/wp-json\/wp\/v2\/media?parent=2037"}],"wp:term":[{"taxonomy":"category","embeddable":true,"href":"https:\/\/agora.xtec.cat\/esc-laplana\/wp-json\/wp\/v2\/categories?post=2037"},{"taxonomy":"post_tag","embeddable":true,"href":"https:\/\/agora.xtec.cat\/esc-laplana\/wp-json\/wp\/v2\/tags?post=2037"}],"curies":[{"name":"wp","href":"https:\/\/api.w.org\/{rel}","templated":true}]}}