{"id":2033,"date":"2024-10-30T15:06:25","date_gmt":"2024-10-30T14:06:25","guid":{"rendered":"https:\/\/agora.xtec.cat\/esc-laplana\/?p=2033"},"modified":"2024-11-04T15:06:36","modified_gmt":"2024-11-04T14:06:36","slug":"exposicio-de-moniatos","status":"publish","type":"post","link":"https:\/\/agora.xtec.cat\/esc-laplana\/general\/exposicio-de-moniatos\/","title":{"rendered":"EXPOSICI\u00d3 DE MONIATOS"},"content":{"rendered":"<p style=\"text-align: justify;\">Com ja \u00e9s una tradici\u00f3, per la Castanyada demanem que volunt\u00e0riament les fam\u00edlies juntament amb els\/les vostres fills i filles prepareu les manualitats m\u00e9s originals per realitzar una bonica exposici\u00f3 a l&#8217;escola. Aquest curs, l&#8217;exposici\u00f3 consistia a decorar moniatos i els resultats han estat una vegada m\u00e9s genials!<\/p>\n<p style=\"text-align: justify;\">Volem donar les gr\u00e0cies a totes les persones que us heu animat a participar d&#8217;aquesta activitat que tan agrada al nostre alumnat, ens encanta veure tanta creativitat!!<\/p>\n<p style=\"text-align: justify;\">Si voleu veure algunes imatges feu &#8220;clic&#8221; a sobre de la fotografia.<\/p>\n<p style=\"text-align: justify;\"><a href=\"https:\/\/drive.google.com\/drive\/folders\/1iwkFPkx4pUxY7FZYQfTrStes-b04Zbm5?usp=sharing\"><img loading=\"lazy\" decoding=\"async\" class=\"alignnone wp-image-2034\" src=\"https:\/\/agora.xtec.cat\/esc-laplana\/wp-content\/uploads\/usu2664\/2024\/11\/US-CONVIDEM-A-PARTICIPAR-A-LEXPOCICIO-1-724x1024.png\" alt=\"\" width=\"485\" height=\"686\" srcset=\"https:\/\/agora.xtec.cat\/esc-laplana\/wp-content\/uploads\/usu2664\/2024\/11\/US-CONVIDEM-A-PARTICIPAR-A-LEXPOCICIO-1-724x1024.png 724w, https:\/\/agora.xtec.cat\/esc-laplana\/wp-content\/uploads\/usu2664\/2024\/11\/US-CONVIDEM-A-PARTICIPAR-A-LEXPOCICIO-1-212x300.png 212w, https:\/\/agora.xtec.cat\/esc-laplana\/wp-content\/uploads\/usu2664\/2024\/11\/US-CONVIDEM-A-PARTICIPAR-A-LEXPOCICIO-1-768x1086.png 768w, https:\/\/agora.xtec.cat\/esc-laplana\/wp-content\/uploads\/usu2664\/2024\/11\/US-CONVIDEM-A-PARTICIPAR-A-LEXPOCICIO-1-1086x1536.png 1086w, https:\/\/agora.xtec.cat\/esc-laplana\/wp-content\/uploads\/usu2664\/2024\/11\/US-CONVIDEM-A-PARTICIPAR-A-LEXPOCICIO-1-1448x2048.png 1448w, https:\/\/agora.xtec.cat\/esc-laplana\/wp-content\/uploads\/usu2664\/2024\/11\/US-CONVIDEM-A-PARTICIPAR-A-LEXPOCICIO-1.png 1587w\" sizes=\"auto, (max-width: 485px) 100vw, 485px\" \/><\/a><\/p>\n<p>Tamb\u00e9 us hem preparat un petit v\u00eddeo.<\/p>\n<p><iframe loading=\"lazy\" src=\"https:\/\/drive.google.com\/file\/d\/18Dm2OrZ6P8iW-xTBT3hCVLNFJmFdd3X2\/preview\" width=\"640\" height=\"480\"><\/iframe><\/p>\n","protected":false},"excerpt":{"rendered":"<p>Com ja \u00e9s una tradici\u00f3, per la Castanyada demanem que volunt\u00e0riament les fam\u00edlies juntament amb els\/les vostres fills i filles prepareu les manualitats m\u00e9s originals per realitzar una bonica exposici\u00f3 a l&#8217;escola. Aquest curs, l&#8217;exposici\u00f3 consistia a decorar moniatos i els resultats han estat una&hellip;  <a href=\"https:\/\/agora.xtec.cat\/esc-laplana\/general\/exposicio-de-moniatos\/\" title=\"Read EXPOSICI\u00d3 DE MONIATOS\">Llegeix m\u00e9s\u00bb<\/a><\/p>\n","protected":false},"author":1,"featured_media":0,"comment_status":"open","ping_status":"closed","sticky":false,"template":"","format":"standard","meta":{"_bbp_topic_count":0,"_bbp_reply_count":0,"_bbp_total_topic_count":0,"_bbp_total_reply_count":0,"_bbp_voice_count":0,"_bbp_anonymous_reply_count":0,"_bbp_topic_count_hidden":0,"_bbp_reply_count_hidden":0,"_bbp_forum_subforum_count":0,"footnotes":""},"categories":[1,4],"tags":[],"class_list":["post-2033","post","type-post","status-publish","format-standard","hentry","category-general","category-portada"],"post_mailing_queue_ids":[],"_links":{"self":[{"href":"https:\/\/agora.xtec.cat\/esc-laplana\/wp-json\/wp\/v2\/posts\/2033","targetHints":{"allow":["GET"]}}],"collection":[{"href":"https:\/\/agora.xtec.cat\/esc-laplana\/wp-json\/wp\/v2\/posts"}],"about":[{"href":"https:\/\/agora.xtec.cat\/esc-laplana\/wp-json\/wp\/v2\/types\/post"}],"author":[{"embeddable":true,"href":"https:\/\/agora.xtec.cat\/esc-laplana\/wp-json\/wp\/v2\/users\/1"}],"replies":[{"embeddable":true,"href":"https:\/\/agora.xtec.cat\/esc-laplana\/wp-json\/wp\/v2\/comments?post=2033"}],"version-history":[{"count":1,"href":"https:\/\/agora.xtec.cat\/esc-laplana\/wp-json\/wp\/v2\/posts\/2033\/revisions"}],"predecessor-version":[{"id":2035,"href":"https:\/\/agora.xtec.cat\/esc-laplana\/wp-json\/wp\/v2\/posts\/2033\/revisions\/2035"}],"wp:attachment":[{"href":"https:\/\/agora.xtec.cat\/esc-laplana\/wp-json\/wp\/v2\/media?parent=2033"}],"wp:term":[{"taxonomy":"category","embeddable":true,"href":"https:\/\/agora.xtec.cat\/esc-laplana\/wp-json\/wp\/v2\/categories?post=2033"},{"taxonomy":"post_tag","embeddable":true,"href":"https:\/\/agora.xtec.cat\/esc-laplana\/wp-json\/wp\/v2\/tags?post=2033"}],"curies":[{"name":"wp","href":"https:\/\/api.w.org\/{rel}","templated":true}]}}