{"id":2015,"date":"2024-10-29T11:49:30","date_gmt":"2024-10-29T10:49:30","guid":{"rendered":"https:\/\/agora.xtec.cat\/esc-laplana\/?p=2015"},"modified":"2024-11-04T11:50:08","modified_gmt":"2024-11-04T10:50:08","slug":"sortida-a-lespluga-de-francoli","status":"publish","type":"post","link":"https:\/\/agora.xtec.cat\/esc-laplana\/infantil\/i4-promo-24-32\/sortida-a-lespluga-de-francoli\/","title":{"rendered":"SORTIDA A L&#8217;ESPLUGA DE FRANCOL\u00cd"},"content":{"rendered":"<p>El passat divendres 25 d&#8217;octubre l&#8217;alumnat d&#8217;Educaci\u00f3 Infantil i de Cicle Inicial vam anar a l&#8217;Espluga de Francol\u00ed per visitar el Museu Terra. All\u00ed ens van explicar molt\u00edssimes coses sobre la vida rural i vam poder fer una visita per les instal.lacions del museu. Vam fer dos tallers; &#8220;Patufet, on ets&#8221;? i &#8220;Nendo Dango&#8221; on l&#8217;alumnat va treballar sobre els diferents elements de l&#8217;hort i sobre les tradicions agr\u00edcoles de Catalunya. Va ser un mat\u00ed molt entretingut i molt enriquidor!<\/p>\n<p><strong>Si voleu veure m\u00e9s imatges sobre la sortida podeu fer &#8220;clic&#8221; a sobre de la fotografia.<\/strong><\/p>\n<p><a href=\"https:\/\/drive.google.com\/drive\/folders\/1VEOvKQGSW-nC0LeBf_O-l95wBK24aZ0_?usp=sharing\"><img loading=\"lazy\" decoding=\"async\" class=\"alignnone wp-image-2016 size-large\" src=\"https:\/\/agora.xtec.cat\/esc-laplana\/wp-content\/uploads\/usu2664\/2024\/11\/ESPLUGA-1024x1024.png\" alt=\"\" width=\"1024\" height=\"1024\" srcset=\"https:\/\/agora.xtec.cat\/esc-laplana\/wp-content\/uploads\/usu2664\/2024\/11\/ESPLUGA-1024x1024.png 1024w, https:\/\/agora.xtec.cat\/esc-laplana\/wp-content\/uploads\/usu2664\/2024\/11\/ESPLUGA-300x300.png 300w, https:\/\/agora.xtec.cat\/esc-laplana\/wp-content\/uploads\/usu2664\/2024\/11\/ESPLUGA-150x150.png 150w, https:\/\/agora.xtec.cat\/esc-laplana\/wp-content\/uploads\/usu2664\/2024\/11\/ESPLUGA-768x768.png 768w, https:\/\/agora.xtec.cat\/esc-laplana\/wp-content\/uploads\/usu2664\/2024\/11\/ESPLUGA.png 1080w\" sizes=\"auto, (max-width: 1024px) 100vw, 1024px\" \/><\/a><\/p>\n","protected":false},"excerpt":{"rendered":"<p>El passat divendres 25 d&#8217;octubre l&#8217;alumnat d&#8217;Educaci\u00f3 Infantil i de Cicle Inicial vam anar a l&#8217;Espluga de Francol\u00ed per visitar el Museu Terra. All\u00ed ens van explicar molt\u00edssimes coses sobre la vida rural i vam poder fer una visita per les instal.lacions del museu. Vam&hellip;  <a href=\"https:\/\/agora.xtec.cat\/esc-laplana\/infantil\/i4-promo-24-32\/sortida-a-lespluga-de-francoli\/\" title=\"Read SORTIDA A L&#8217;ESPLUGA DE FRANCOL\u00cd\">Llegeix m\u00e9s\u00bb<\/a><\/p>\n","protected":false},"author":1,"featured_media":0,"comment_status":"open","ping_status":"closed","sticky":false,"template":"","format":"standard","meta":{"_bbp_topic_count":0,"_bbp_reply_count":0,"_bbp_total_topic_count":0,"_bbp_total_reply_count":0,"_bbp_voice_count":0,"_bbp_anonymous_reply_count":0,"_bbp_topic_count_hidden":0,"_bbp_reply_count_hidden":0,"_bbp_forum_subforum_count":0,"footnotes":""},"categories":[8,2,3,74,4,5],"tags":[],"class_list":["post-2015","post","type-post","status-publish","format-standard","hentry","category-1r-promo-21-29","category-i4-promo-24-32","category-i4-promo-23-31","category-infantil","category-portada","category-primaria"],"post_mailing_queue_ids":[],"_links":{"self":[{"href":"https:\/\/agora.xtec.cat\/esc-laplana\/wp-json\/wp\/v2\/posts\/2015","targetHints":{"allow":["GET"]}}],"collection":[{"href":"https:\/\/agora.xtec.cat\/esc-laplana\/wp-json\/wp\/v2\/posts"}],"about":[{"href":"https:\/\/agora.xtec.cat\/esc-laplana\/wp-json\/wp\/v2\/types\/post"}],"author":[{"embeddable":true,"href":"https:\/\/agora.xtec.cat\/esc-laplana\/wp-json\/wp\/v2\/users\/1"}],"replies":[{"embeddable":true,"href":"https:\/\/agora.xtec.cat\/esc-laplana\/wp-json\/wp\/v2\/comments?post=2015"}],"version-history":[{"count":2,"href":"https:\/\/agora.xtec.cat\/esc-laplana\/wp-json\/wp\/v2\/posts\/2015\/revisions"}],"predecessor-version":[{"id":2028,"href":"https:\/\/agora.xtec.cat\/esc-laplana\/wp-json\/wp\/v2\/posts\/2015\/revisions\/2028"}],"wp:attachment":[{"href":"https:\/\/agora.xtec.cat\/esc-laplana\/wp-json\/wp\/v2\/media?parent=2015"}],"wp:term":[{"taxonomy":"category","embeddable":true,"href":"https:\/\/agora.xtec.cat\/esc-laplana\/wp-json\/wp\/v2\/categories?post=2015"},{"taxonomy":"post_tag","embeddable":true,"href":"https:\/\/agora.xtec.cat\/esc-laplana\/wp-json\/wp\/v2\/tags?post=2015"}],"curies":[{"name":"wp","href":"https:\/\/api.w.org\/{rel}","templated":true}]}}