{"id":2006,"date":"2024-10-30T12:12:00","date_gmt":"2024-10-30T11:12:00","guid":{"rendered":"https:\/\/agora.xtec.cat\/esc-laplana\/?p=2006"},"modified":"2024-11-04T13:34:11","modified_gmt":"2024-11-04T12:34:11","slug":"celebrem-la-castanyada-2","status":"publish","type":"post","link":"https:\/\/agora.xtec.cat\/esc-laplana\/general\/celebrem-la-castanyada-2\/","title":{"rendered":"Celebrem La Castanyada 2024"},"content":{"rendered":"<p>El passat dia 30 vam celebrar la festa popular de<strong> La Castanyada\u00a0<\/strong>a l&#8217;escola.<\/p>\n<p><em><span style=\"text-decoration: underline;\">Durant al mat\u00ed<\/span><\/em> es dugueren a terme una s\u00e8rie d&#8217;activitats per a tot l\u2019alumnat de l\u2019escola. Des d\u2019<strong>animaci\u00f3 lectora<\/strong> es van proposar <span style=\"text-decoration: underline;\">lectures de llibres, contes, poemes i hist\u00f2ries relacionades amb la tardor i la festa de La Castanyada<\/span>.<\/p>\n<p>Va ser un moment on la <strong>lectura en veu alta<\/strong> va agafar tot el protagonisme i, com a novetat, tots els nens i nenes van preparar-se durant diverses setmanes les lectures:<\/p>\n<p>Educaci\u00f3 Infantil:<strong> Temps de castanyes<\/strong><br \/>\nCicle Inicial: <strong>La castanyera<\/strong><br \/>\n3r:<strong> El secret de la castanyera<\/strong><br \/>\n4t: <strong>Recitem poemes<\/strong><br \/>\nCicle Superior: <strong>Inventem hist\u00f2ries<\/strong><\/p>\n<div style=\"position: relative; width: 100%; height: 0; padding-top: 56.2500%; padding-bottom: 0; box-shadow: 0 2px 8px 0 rgba(63,69,81,0.16); margin-top: 1.6em; margin-bottom: 0.9em; overflow: hidden; border-radius: 8px; will-change: transform;\"><iframe style=\"position: absolute; width: 100%; height: 100%; top: 0; left: 0; border: none; padding: 0; margin: 0;\" src=\"https:\/\/www.canva.com\/design\/DAGVg9UGmno\/SsWqoLC67WZKXCPMNXuZyA\/view?embed\" allowfullscreen=\"allowfullscreen\"><br \/>\n<\/iframe><\/div>\n<p><a href=\"https:\/\/www.canva.com\/design\/DAGVg9UGmno\/SsWqoLC67WZKXCPMNXuZyA\/view?utm_content=DAGVg9UGmno&amp;utm_campaign=designshare&amp;utm_medium=embeds&amp;utm_source=link\" target=\"_blank\" rel=\"noopener\">LECTURES DE LA TARDOR<\/a> de Escola La Plana<br \/>\n<em><span style=\"text-decoration: underline;\">A la tarda, <\/span><\/em>degut a la previsi\u00f3 de pluja, es feu un canvi en la ubicaci\u00f3 i els horaris de les actuacions. Aix\u00ed doncs, els alumnes, per nivells, anaren baixant al gimn\u00e0s on mostraren a les fam\u00edlies les danses, can\u00e7ons o teatres que havien preparat.<\/p>\n<p>Un cop finalitzades les actuacions, es proced\u00ed al sorteig de la panera de l&#8217;AFA i tot seguit a la venda de fotografies i recollida de les paperines de castanyes (la recaptaci\u00f3 de les quals es destina a les col\u00f2nies).<\/p>\n<p>Agra\u00efm l&#8217;assist\u00e8ncia i l&#8217;escalf de les fam\u00edlies que ens vau poder acompanyar aix\u00ed com l&#8217;esfor\u00e7 en la preparaci\u00f3 per part de tot l&#8217;alumnat.<\/p>\n<p>Podreu veure els v\u00eddeos de les actuacions de la tarda a la presentaci\u00f3 d&#8217;aqu\u00ed sota.<\/p>\n<div style=\"position: relative; width: 100%; height: 0; padding-top: 56.2500%; padding-bottom: 0; box-shadow: 0 2px 8px 0 rgba(63,69,81,0.16); margin-top: 1.6em; margin-bottom: 0.9em; overflow: hidden; border-radius: 8px; will-change: transform;\"><iframe style=\"position: absolute; width: 100%; height: 100%; top: 0; left: 0; border: none; padding: 0; margin: 0;\" src=\"https:\/\/www.canva.com\/design\/DAGRvw_iJfk\/L_S0qtps07bqqhMFnyPjMA\/view?embed\" allowfullscreen=\"allowfullscreen\"><br \/>\n<\/iframe><\/div>\n<p>&nbsp;<\/p>\n","protected":false},"excerpt":{"rendered":"<p>El passat dia 30 vam celebrar la festa popular de La Castanyada\u00a0a l&#8217;escola.<br \/>\nDurant al mat\u00ed es dugueren a terme una s\u00e8rie d&#8217;activitats per a tot l\u2019alumnat de l\u2019escola. Des d\u2019animaci\u00f3 lectora es van proposar lectures de llibres, contes, poemes i hist\u00f2ries relacionades amb la tardor&hellip;  <a href=\"https:\/\/agora.xtec.cat\/esc-laplana\/general\/celebrem-la-castanyada-2\/\" title=\"Read Celebrem La Castanyada 2024\">Llegeix m\u00e9s\u00bb<\/a><\/p>\n","protected":false},"author":27,"featured_media":0,"comment_status":"open","ping_status":"closed","sticky":false,"template":"","format":"standard","meta":{"_bbp_topic_count":0,"_bbp_reply_count":0,"_bbp_total_topic_count":0,"_bbp_total_reply_count":0,"_bbp_voice_count":0,"_bbp_anonymous_reply_count":0,"_bbp_topic_count_hidden":0,"_bbp_reply_count_hidden":0,"_bbp_forum_subforum_count":0,"footnotes":""},"categories":[1,74,4,5],"tags":[75,77,76],"class_list":["post-2006","post","type-post","status-publish","format-standard","hentry","category-general","category-infantil","category-portada","category-primaria","tag-castanyada","tag-lectura-amb-veu-alta","tag-tardor"],"post_mailing_queue_ids":[],"_links":{"self":[{"href":"https:\/\/agora.xtec.cat\/esc-laplana\/wp-json\/wp\/v2\/posts\/2006","targetHints":{"allow":["GET"]}}],"collection":[{"href":"https:\/\/agora.xtec.cat\/esc-laplana\/wp-json\/wp\/v2\/posts"}],"about":[{"href":"https:\/\/agora.xtec.cat\/esc-laplana\/wp-json\/wp\/v2\/types\/post"}],"author":[{"embeddable":true,"href":"https:\/\/agora.xtec.cat\/esc-laplana\/wp-json\/wp\/v2\/users\/27"}],"replies":[{"embeddable":true,"href":"https:\/\/agora.xtec.cat\/esc-laplana\/wp-json\/wp\/v2\/comments?post=2006"}],"version-history":[{"count":6,"href":"https:\/\/agora.xtec.cat\/esc-laplana\/wp-json\/wp\/v2\/posts\/2006\/revisions"}],"predecessor-version":[{"id":2032,"href":"https:\/\/agora.xtec.cat\/esc-laplana\/wp-json\/wp\/v2\/posts\/2006\/revisions\/2032"}],"wp:attachment":[{"href":"https:\/\/agora.xtec.cat\/esc-laplana\/wp-json\/wp\/v2\/media?parent=2006"}],"wp:term":[{"taxonomy":"category","embeddable":true,"href":"https:\/\/agora.xtec.cat\/esc-laplana\/wp-json\/wp\/v2\/categories?post=2006"},{"taxonomy":"post_tag","embeddable":true,"href":"https:\/\/agora.xtec.cat\/esc-laplana\/wp-json\/wp\/v2\/tags?post=2006"}],"curies":[{"name":"wp","href":"https:\/\/api.w.org\/{rel}","templated":true}]}}