{"id":1991,"date":"2024-10-24T18:46:44","date_gmt":"2024-10-24T16:46:44","guid":{"rendered":"https:\/\/agora.xtec.cat\/esc-laplana\/?p=1991"},"modified":"2024-10-24T18:58:32","modified_gmt":"2024-10-24T16:58:32","slug":"1r-cafe-en-familia","status":"publish","type":"post","link":"https:\/\/agora.xtec.cat\/esc-laplana\/general\/1r-cafe-en-familia\/","title":{"rendered":"1r CAF\u00c8 EN FAM\u00cdLIA"},"content":{"rendered":"<p>Aquest any hem encetat una proposta d&#8217;activitat que ens vau demanar les fam\u00edlies a les enquestes de final de curs; CAF\u00c8 EN FAM\u00cdLIA! S&#8217;han programat 3 trobades on l&#8217;objectiu \u00e9s poder parlar sobre temes que ens interessen i\/o us preocupin sobre el centre, parlar sobre els nostres nens i nenes i explicar-vos com portem a terme l&#8217;ensenyament i l&#8217;aprenentatge a l&#8217;escola.<\/p>\n<p>Avui hem fet la primera trobada i hem pogut compartir l&#8217;activitat <strong>&#8220;ESTONA DE CERCLE&#8221;<\/strong>, una din\u00e0mica que estem duent a terme amb el nostre alumnat on es busca d&#8217;una manera respectuosa aprendre a parlar i a escoltar les opinions de tothom gr\u00e0cies a l&#8217;ajuda de la nostra girafa.<\/p>\n<p><strong>Volem agrair de tot cor a les fam\u00edlies que han volgut acompanyar-nos avui, les vostres aportacions han estat escoltades i es tindran molt en compte. Tamb\u00e9 volem animar a altres persones que vulguin venir en algun altre ocasi\u00f3, hi esteu convidats\/des.<\/strong><\/p>\n<p><strong>A la nostra\/vostra escola, cada opini\u00f3 compta!<\/strong><\/p>\n<p>MOLTES GR\u00c0CIES!<\/p>\n<p><strong>(Si voleu veure alguna de les imatges d&#8217;avui feu clic a sobre la fotografia)<\/strong><\/p>\n<p><a href=\"https:\/\/drive.google.com\/drive\/folders\/1PiqgnJ5YQAZsryTSZ-ah1C_E1Qa_lqUD?usp=drive_link\"><img loading=\"lazy\" decoding=\"async\" class=\"alignleft wp-image-1992\" src=\"https:\/\/agora.xtec.cat\/esc-laplana\/wp-content\/uploads\/usu2664\/2024\/10\/20241024_140947-1-1024x768.jpg\" alt=\"\" width=\"679\" height=\"509\" srcset=\"https:\/\/agora.xtec.cat\/esc-laplana\/wp-content\/uploads\/usu2664\/2024\/10\/20241024_140947-1-1024x768.jpg 1024w, https:\/\/agora.xtec.cat\/esc-laplana\/wp-content\/uploads\/usu2664\/2024\/10\/20241024_140947-1-300x225.jpg 300w, https:\/\/agora.xtec.cat\/esc-laplana\/wp-content\/uploads\/usu2664\/2024\/10\/20241024_140947-1-768x576.jpg 768w, https:\/\/agora.xtec.cat\/esc-laplana\/wp-content\/uploads\/usu2664\/2024\/10\/20241024_140947-1-1536x1152.jpg 1536w, https:\/\/agora.xtec.cat\/esc-laplana\/wp-content\/uploads\/usu2664\/2024\/10\/20241024_140947-1-2048x1536.jpg 2048w, https:\/\/agora.xtec.cat\/esc-laplana\/wp-content\/uploads\/usu2664\/2024\/10\/20241024_140947-1-200x150.jpg 200w\" sizes=\"auto, (max-width: 679px) 100vw, 679px\" \/><\/a><\/p>\n<p><strong><img loading=\"lazy\" decoding=\"async\" class=\"wp-image-1993 alignleft\" src=\"https:\/\/agora.xtec.cat\/esc-laplana\/wp-content\/uploads\/usu2664\/2024\/10\/Captura-de-pantalla-2024-10-24-a-les-18.45.09.png\" alt=\"\" width=\"502\" height=\"692\" srcset=\"https:\/\/agora.xtec.cat\/esc-laplana\/wp-content\/uploads\/usu2664\/2024\/10\/Captura-de-pantalla-2024-10-24-a-les-18.45.09.png 637w, https:\/\/agora.xtec.cat\/esc-laplana\/wp-content\/uploads\/usu2664\/2024\/10\/Captura-de-pantalla-2024-10-24-a-les-18.45.09-218x300.png 218w\" sizes=\"auto, (max-width: 502px) 100vw, 502px\" \/><\/strong><\/p>\n","protected":false},"excerpt":{"rendered":"<p>Aquest any hem encetat una proposta d&#8217;activitat que ens vau demanar les fam\u00edlies a les enquestes de final de curs; CAF\u00c8 EN FAM\u00cdLIA! S&#8217;han programat 3 trobades on l&#8217;objectiu \u00e9s poder parlar sobre temes que ens interessen i\/o us preocupin sobre el centre, parlar sobre&hellip;  <a href=\"https:\/\/agora.xtec.cat\/esc-laplana\/general\/1r-cafe-en-familia\/\" title=\"Read 1r CAF\u00c8 EN FAM\u00cdLIA\">Llegeix m\u00e9s\u00bb<\/a><\/p>\n","protected":false},"author":1,"featured_media":0,"comment_status":"open","ping_status":"closed","sticky":false,"template":"","format":"standard","meta":{"_bbp_topic_count":0,"_bbp_reply_count":0,"_bbp_total_topic_count":0,"_bbp_total_reply_count":0,"_bbp_voice_count":0,"_bbp_anonymous_reply_count":0,"_bbp_topic_count_hidden":0,"_bbp_reply_count_hidden":0,"_bbp_forum_subforum_count":0,"footnotes":""},"categories":[1,4],"tags":[],"class_list":["post-1991","post","type-post","status-publish","format-standard","hentry","category-general","category-portada"],"post_mailing_queue_ids":[],"_links":{"self":[{"href":"https:\/\/agora.xtec.cat\/esc-laplana\/wp-json\/wp\/v2\/posts\/1991","targetHints":{"allow":["GET"]}}],"collection":[{"href":"https:\/\/agora.xtec.cat\/esc-laplana\/wp-json\/wp\/v2\/posts"}],"about":[{"href":"https:\/\/agora.xtec.cat\/esc-laplana\/wp-json\/wp\/v2\/types\/post"}],"author":[{"embeddable":true,"href":"https:\/\/agora.xtec.cat\/esc-laplana\/wp-json\/wp\/v2\/users\/1"}],"replies":[{"embeddable":true,"href":"https:\/\/agora.xtec.cat\/esc-laplana\/wp-json\/wp\/v2\/comments?post=1991"}],"version-history":[{"count":5,"href":"https:\/\/agora.xtec.cat\/esc-laplana\/wp-json\/wp\/v2\/posts\/1991\/revisions"}],"predecessor-version":[{"id":1998,"href":"https:\/\/agora.xtec.cat\/esc-laplana\/wp-json\/wp\/v2\/posts\/1991\/revisions\/1998"}],"wp:attachment":[{"href":"https:\/\/agora.xtec.cat\/esc-laplana\/wp-json\/wp\/v2\/media?parent=1991"}],"wp:term":[{"taxonomy":"category","embeddable":true,"href":"https:\/\/agora.xtec.cat\/esc-laplana\/wp-json\/wp\/v2\/categories?post=1991"},{"taxonomy":"post_tag","embeddable":true,"href":"https:\/\/agora.xtec.cat\/esc-laplana\/wp-json\/wp\/v2\/tags?post=1991"}],"curies":[{"name":"wp","href":"https:\/\/api.w.org\/{rel}","templated":true}]}}