{"id":1988,"date":"2024-10-22T09:24:55","date_gmt":"2024-10-22T07:24:55","guid":{"rendered":"https:\/\/agora.xtec.cat\/esc-laplana\/?p=1988"},"modified":"2024-10-22T09:27:25","modified_gmt":"2024-10-22T07:27:25","slug":"setmana-bio-2024","status":"publish","type":"post","link":"https:\/\/agora.xtec.cat\/esc-laplana\/infantil\/i4-promo-24-32\/setmana-bio-2024\/","title":{"rendered":"Setmana Bio 2024"},"content":{"rendered":"<p>Durant la <strong>Setmana Bio<\/strong>, els nostres alumnes van participar en una s\u00e8rie d&#8217;activitats pr\u00e0ctiques que van fomentar la sostenibilitat i l\u2019alimentaci\u00f3 ecol\u00f2gica. Aquestes van incloure:<\/p>\n<ul>\n<li><strong>Taller &#8220;Del camp a la cuina. L&#8217;aventura de la producci\u00f3 ecol\u00f2gica&#8221;<\/strong>: Els alumnes de cicle mitj\u00e0 i cicle superior van gaudir d&#8217;un taller interactiu on van aprendre tot el proc\u00e9s que segueixen els aliments ecol\u00f2gics, des de la producci\u00f3 al camp fins a la seva arribada a la cuina. Aquesta activitat va ajudar els estudiants a entendre la import\u00e0ncia de consumir aliments de proximitat i con\u00e8ixer les difer\u00e8ncies entre la producci\u00f3 convencional i l&#8217;ecol\u00f2gica.<\/li>\n<li><strong>L&#8217;hort escolar eco<\/strong>: El professorat de l\u2019escola tamb\u00e9 va participar activament en aquesta activitat, en la qual es van rebre llavors i planters proporcionats especialment per a les escoles. Aquest material va permetre als nostres estudiants iniciar el seu propi hort ecol\u00f2gic dins de l\u2019escola.<\/li>\n<li><strong>Plantaci\u00f3 del planter i cebes per a cal\u00e7ots<\/strong>: Tots els alumnes de l\u2019escola, des dels m\u00e9s petits fins als m\u00e9s grans, van tenir l&#8217;oportunitat de plantar tant el planter proporcionat com cebes per a la futura collita de cal\u00e7ots. Aquesta experi\u00e8ncia va ser molt enriquidora, ja que va permetre als estudiants connectar amb la natura i comprendre d&#8217;una manera pr\u00e0ctica el cicle de creixement dels aliments.<\/li>\n<\/ul>\n<hr \/>\n<p>Afegim alguns testimonis que reflecteixen l\u2019experi\u00e8ncia dels participants:<\/p>\n<ul>\n<li><strong>Joana, mestra de la sisena hora d&#8217;hort<\/strong>: \u201cAmb l&#8217;hort escolar, els alumnes tenen l&#8217;oportunitat de viure l&#8217;experi\u00e8ncia que connecta l&#8217;educaci\u00f3 amb la realitat.\u201d<\/li>\n<li><strong>Yeray, alumne de cicle superior<\/strong>: \u201cA mi vindre a l&#8217;hort m&#8217;agrada molt!\u201d<\/li>\n<\/ul>\n<hr \/>\n<p>La Setmana Bio a la nostra escola ha estat un \u00e8xit total. Els alumnes no nom\u00e9s han apr\u00e8s sobre alimentaci\u00f3 saludable i producci\u00f3 ecol\u00f2gica, sin\u00f3 que tamb\u00e9 han participat activament en el proc\u00e9s, des del cultiu fins a la plantaci\u00f3. Aquesta experi\u00e8ncia ha servit per fomentar valors de respecte pel medi ambient i de responsabilitat sobre les seves pr\u00f2pies eleccions aliment\u00e0ries. Seguirem treballant en aquestes l\u00ednies per promoure un estil de vida m\u00e9s sostenible tant dins com fora de l\u2019escola.<\/p>\n<p>&nbsp;<\/p>\n<p>Si voleu veure les imatges de les activitats, cliqueu a la imatge.<\/p>\n<p><a href=\"https:\/\/drive.google.com\/drive\/folders\/1JFgoETEVRqQGHINlUrOMb69vW8XRgDDi?usp=share_link\"><img loading=\"lazy\" decoding=\"async\" class=\"wp-image-1989 aligncenter\" src=\"https:\/\/agora.xtec.cat\/esc-laplana\/wp-content\/uploads\/usu2664\/2024\/10\/Cartell_Escoles_SB_2024-725x1024.jpg\" alt=\"\" width=\"353\" height=\"499\" srcset=\"https:\/\/agora.xtec.cat\/esc-laplana\/wp-content\/uploads\/usu2664\/2024\/10\/Cartell_Escoles_SB_2024-725x1024.jpg 725w, https:\/\/agora.xtec.cat\/esc-laplana\/wp-content\/uploads\/usu2664\/2024\/10\/Cartell_Escoles_SB_2024-212x300.jpg 212w, https:\/\/agora.xtec.cat\/esc-laplana\/wp-content\/uploads\/usu2664\/2024\/10\/Cartell_Escoles_SB_2024-768x1085.jpg 768w, https:\/\/agora.xtec.cat\/esc-laplana\/wp-content\/uploads\/usu2664\/2024\/10\/Cartell_Escoles_SB_2024-1087x1536.jpg 1087w, https:\/\/agora.xtec.cat\/esc-laplana\/wp-content\/uploads\/usu2664\/2024\/10\/Cartell_Escoles_SB_2024.jpg 1123w\" sizes=\"auto, (max-width: 353px) 100vw, 353px\" \/><\/a><\/p>\n","protected":false},"excerpt":{"rendered":"<p>Durant la Setmana Bio, els nostres alumnes van participar en una s\u00e8rie d&#8217;activitats pr\u00e0ctiques que van fomentar la sostenibilitat i l\u2019alimentaci\u00f3 ecol\u00f2gica. Aquestes van incloure:<\/p>\n<ul>\n<li>Taller &#8220;Del camp a la cuina. L&#8217;aventura de la producci\u00f3 ecol\u00f2gica&#8221;: Els alumnes de cicle mitj\u00e0 i cicle superior van gaudir&hellip;  <a href=\"https:\/\/agora.xtec.cat\/esc-laplana\/infantil\/i4-promo-24-32\/setmana-bio-2024\/\" title=\"Read Setmana Bio 2024\">Llegeix m\u00e9s\u00bb<\/a><br \/>\n","protected":false},"author":27,"featured_media":0,"comment_status":"open","ping_status":"closed","sticky":false,"template":"","format":"standard","meta":{"_bbp_topic_count":0,"_bbp_reply_count":0,"_bbp_total_topic_count":0,"_bbp_total_reply_count":0,"_bbp_voice_count":0,"_bbp_anonymous_reply_count":0,"_bbp_topic_count_hidden":0,"_bbp_reply_count_hidden":0,"_bbp_forum_subforum_count":0,"footnotes":""},"categories":[69,2,3,4,5],"tags":[],"class_list":["post-1988","post","type-post","status-publish","format-standard","hentry","category-hort","category-i4-promo-24-32","category-i4-promo-23-31","category-portada","category-primaria"],"post_mailing_queue_ids":[],"_links":{"self":[{"href":"https:\/\/agora.xtec.cat\/esc-laplana\/wp-json\/wp\/v2\/posts\/1988","targetHints":{"allow":["GET"]}}],"collection":[{"href":"https:\/\/agora.xtec.cat\/esc-laplana\/wp-json\/wp\/v2\/posts"}],"about":[{"href":"https:\/\/agora.xtec.cat\/esc-laplana\/wp-json\/wp\/v2\/types\/post"}],"author":[{"embeddable":true,"href":"https:\/\/agora.xtec.cat\/esc-laplana\/wp-json\/wp\/v2\/users\/27"}],"replies":[{"embeddable":true,"href":"https:\/\/agora.xtec.cat\/esc-laplana\/wp-json\/wp\/v2\/comments?post=1988"}],"version-history":[{"count":1,"href":"https:\/\/agora.xtec.cat\/esc-laplana\/wp-json\/wp\/v2\/posts\/1988\/revisions"}],"predecessor-version":[{"id":1990,"href":"https:\/\/agora.xtec.cat\/esc-laplana\/wp-json\/wp\/v2\/posts\/1988\/revisions\/1990"}],"wp:attachment":[{"href":"https:\/\/agora.xtec.cat\/esc-laplana\/wp-json\/wp\/v2\/media?parent=1988"}],"wp:term":[{"taxonomy":"category","embeddable":true,"href":"https:\/\/agora.xtec.cat\/esc-laplana\/wp-json\/wp\/v2\/categories?post=1988"},{"taxonomy":"post_tag","embeddable":true,"href":"https:\/\/agora.xtec.cat\/esc-laplana\/wp-json\/wp\/v2\/tags?post=1988"}],"curies":[{"name":"wp","href":"https:\/\/api.w.org\/{rel}","templated":true}]}}