{"id":1971,"date":"2024-10-02T15:48:23","date_gmt":"2024-10-02T13:48:23","guid":{"rendered":"https:\/\/agora.xtec.cat\/esc-laplana\/?p=1971"},"modified":"2024-10-02T15:48:23","modified_gmt":"2024-10-02T13:48:23","slug":"sortida-de-cs-al-castell-de-vila-seca","status":"publish","type":"post","link":"https:\/\/agora.xtec.cat\/esc-laplana\/portada\/sortida-de-cs-al-castell-de-vila-seca\/","title":{"rendered":"Sortida de CS al Castell de Vila-seca"},"content":{"rendered":"<p>Avui l&#8217;alumnat de Cicle Superior, dins les activitats del Pla Educatiu d&#8217;Entorn, ha pogut gaudir de l&#8217;exposici\u00f3 de l&#8217;artista Salvador Juanpere: D&#8217;artistes, eines i territori.<\/p>\n<p>L\u2019exposici\u00f3 est\u00e0 dividida en tres \u00e0mbits que constitueixen un recorregut per la consci\u00e8ncia de Salvador Juanpere com a artista que dialoga amb el passat i amb la pr\u00f2pia pr\u00e0ctica de l\u2019escultor per provar de respondre a la contemporane\u00eftat art\u00edstica dels nostres temps.<\/p>\n<p>Finalment, els nens i nenes s&#8217;han posat a la pell d&#8217;un artista i han tingut l&#8217;oportunitat de crear i expressar-se mitjan\u00e7ant l&#8217;art.<\/p>\n<p>Ha estat un mat\u00ed molt enriquidor!<\/p>\n<p><a href=\"https:\/\/drive.google.com\/drive\/folders\/1XXHOViW87Ms_Zr6uYeiKbKgNbdVC9_pR?usp=drive_link\"><img loading=\"lazy\" decoding=\"async\" class=\"alignleft wp-image-1972\" src=\"https:\/\/agora.xtec.cat\/esc-laplana\/wp-content\/uploads\/usu2664\/2024\/10\/1727875565967-1-scaled-e1727876159281-768x1024.jpg\" alt=\"\" width=\"344\" height=\"459\" srcset=\"https:\/\/agora.xtec.cat\/esc-laplana\/wp-content\/uploads\/usu2664\/2024\/10\/1727875565967-1-scaled-e1727876159281-768x1024.jpg 768w, https:\/\/agora.xtec.cat\/esc-laplana\/wp-content\/uploads\/usu2664\/2024\/10\/1727875565967-1-scaled-e1727876159281-225x300.jpg 225w, https:\/\/agora.xtec.cat\/esc-laplana\/wp-content\/uploads\/usu2664\/2024\/10\/1727875565967-1-scaled-e1727876159281-1152x1536.jpg 1152w, https:\/\/agora.xtec.cat\/esc-laplana\/wp-content\/uploads\/usu2664\/2024\/10\/1727875565967-1-scaled-e1727876159281-1536x2048.jpg 1536w, https:\/\/agora.xtec.cat\/esc-laplana\/wp-content\/uploads\/usu2664\/2024\/10\/1727875565967-1-scaled-e1727876159281.jpg 1920w\" sizes=\"auto, (max-width: 344px) 100vw, 344px\" \/><\/a><\/p>\n","protected":false},"excerpt":{"rendered":"<p>Avui l&#8217;alumnat de Cicle Superior, dins les activitats del Pla Educatiu d&#8217;Entorn, ha pogut gaudir de l&#8217;exposici\u00f3 de l&#8217;artista Salvador Juanpere: D&#8217;artistes, eines i territori.<br \/>\nL\u2019exposici\u00f3 est\u00e0 dividida en tres \u00e0mbits que constitueixen un recorregut per la consci\u00e8ncia de Salvador Juanpere com a artista que dialoga&hellip;  <a href=\"https:\/\/agora.xtec.cat\/esc-laplana\/portada\/sortida-de-cs-al-castell-de-vila-seca\/\" title=\"Read Sortida de CS al Castell de Vila-seca\">Llegeix m\u00e9s\u00bb<\/a><\/p>\n","protected":false},"author":1,"featured_media":0,"comment_status":"open","ping_status":"closed","sticky":false,"template":"","format":"standard","meta":{"_bbp_topic_count":0,"_bbp_reply_count":0,"_bbp_total_topic_count":0,"_bbp_total_reply_count":0,"_bbp_voice_count":0,"_bbp_anonymous_reply_count":0,"_bbp_topic_count_hidden":0,"_bbp_reply_count_hidden":0,"_bbp_forum_subforum_count":0,"footnotes":""},"categories":[11,12,4,5],"tags":[],"class_list":["post-1971","post","type-post","status-publish","format-standard","hentry","category-4t-promo-18-26","category-5e-promo-17-25","category-portada","category-primaria"],"post_mailing_queue_ids":[],"_links":{"self":[{"href":"https:\/\/agora.xtec.cat\/esc-laplana\/wp-json\/wp\/v2\/posts\/1971","targetHints":{"allow":["GET"]}}],"collection":[{"href":"https:\/\/agora.xtec.cat\/esc-laplana\/wp-json\/wp\/v2\/posts"}],"about":[{"href":"https:\/\/agora.xtec.cat\/esc-laplana\/wp-json\/wp\/v2\/types\/post"}],"author":[{"embeddable":true,"href":"https:\/\/agora.xtec.cat\/esc-laplana\/wp-json\/wp\/v2\/users\/1"}],"replies":[{"embeddable":true,"href":"https:\/\/agora.xtec.cat\/esc-laplana\/wp-json\/wp\/v2\/comments?post=1971"}],"version-history":[{"count":2,"href":"https:\/\/agora.xtec.cat\/esc-laplana\/wp-json\/wp\/v2\/posts\/1971\/revisions"}],"predecessor-version":[{"id":1974,"href":"https:\/\/agora.xtec.cat\/esc-laplana\/wp-json\/wp\/v2\/posts\/1971\/revisions\/1974"}],"wp:attachment":[{"href":"https:\/\/agora.xtec.cat\/esc-laplana\/wp-json\/wp\/v2\/media?parent=1971"}],"wp:term":[{"taxonomy":"category","embeddable":true,"href":"https:\/\/agora.xtec.cat\/esc-laplana\/wp-json\/wp\/v2\/categories?post=1971"},{"taxonomy":"post_tag","embeddable":true,"href":"https:\/\/agora.xtec.cat\/esc-laplana\/wp-json\/wp\/v2\/tags?post=1971"}],"curies":[{"name":"wp","href":"https:\/\/api.w.org\/{rel}","templated":true}]}}