{"id":1950,"date":"2024-09-05T23:39:27","date_gmt":"2024-09-05T21:39:27","guid":{"rendered":"https:\/\/agora.xtec.cat\/esc-laplana\/?p=1950"},"modified":"2024-09-05T23:39:27","modified_gmt":"2024-09-05T21:39:27","slug":"visita-per-vila-seca","status":"publish","type":"post","link":"https:\/\/agora.xtec.cat\/esc-laplana\/portada\/visita-per-vila-seca\/","title":{"rendered":"VISITA PER VILA-SECA!"},"content":{"rendered":"<p>Avui ha estat un mat\u00ed ben diferent&#8230;el claustre de mestres ens hem despla\u00e7at a Vila-Seca per con\u00e8ixer de primera m\u00e0 l&#8217;entorn patrimonial i cultural de la vila. El regidor, el Sr. Miguel \u00c1ngel Almansa juntament amb el Patronat de Turisme de l&#8217;Ajuntament de Vila-Seca i la regidora la Sra.Llu\u00efsa Clav\u00e9 i el seu equip, ens han convidat a un esmorzar per agafar forces per la posterior visita pel casc antic, el celler i el castell de Vila-Seca.<\/p>\n<p>Com a mestres, \u00e9s important con\u00e8ixer aquells indrets que formen part del Pla Educatiu d&#8217;Entorn per poder acompanyar i guiar als nostres nens i nenes a les sortides que fem pel municipi.<\/p>\n<p>Volem agrair l&#8217;organitzaci\u00f3 d&#8217;aquesta activitat als regidors que ens han acompanyat, al guia que ens ha fet gaudir amb les seves an\u00e8cdotes i explicacions i a l&#8217;Ajuntament de Vila-Seca per facilitar-nos aquesta activitat.<\/p>\n<p><img loading=\"lazy\" decoding=\"async\" class=\"alignnone size-large wp-image-1951\" src=\"https:\/\/agora.xtec.cat\/esc-laplana\/wp-content\/uploads\/usu2664\/2024\/09\/1-683x1024.png\" alt=\"\" width=\"683\" height=\"1024\" srcset=\"https:\/\/agora.xtec.cat\/esc-laplana\/wp-content\/uploads\/usu2664\/2024\/09\/1-683x1024.png 683w, https:\/\/agora.xtec.cat\/esc-laplana\/wp-content\/uploads\/usu2664\/2024\/09\/1-200x300.png 200w, https:\/\/agora.xtec.cat\/esc-laplana\/wp-content\/uploads\/usu2664\/2024\/09\/1-768x1152.png 768w, https:\/\/agora.xtec.cat\/esc-laplana\/wp-content\/uploads\/usu2664\/2024\/09\/1-1024x1536.png 1024w, https:\/\/agora.xtec.cat\/esc-laplana\/wp-content\/uploads\/usu2664\/2024\/09\/1-1365x2048.png 1365w, https:\/\/agora.xtec.cat\/esc-laplana\/wp-content\/uploads\/usu2664\/2024\/09\/1.png 1500w\" sizes=\"auto, (max-width: 683px) 100vw, 683px\" \/> <img loading=\"lazy\" decoding=\"async\" class=\"alignnone size-large wp-image-1952\" src=\"https:\/\/agora.xtec.cat\/esc-laplana\/wp-content\/uploads\/usu2664\/2024\/09\/2-683x1024.png\" alt=\"\" width=\"683\" height=\"1024\" srcset=\"https:\/\/agora.xtec.cat\/esc-laplana\/wp-content\/uploads\/usu2664\/2024\/09\/2-683x1024.png 683w, https:\/\/agora.xtec.cat\/esc-laplana\/wp-content\/uploads\/usu2664\/2024\/09\/2-200x300.png 200w, https:\/\/agora.xtec.cat\/esc-laplana\/wp-content\/uploads\/usu2664\/2024\/09\/2-768x1152.png 768w, https:\/\/agora.xtec.cat\/esc-laplana\/wp-content\/uploads\/usu2664\/2024\/09\/2-1024x1536.png 1024w, https:\/\/agora.xtec.cat\/esc-laplana\/wp-content\/uploads\/usu2664\/2024\/09\/2-1365x2048.png 1365w, https:\/\/agora.xtec.cat\/esc-laplana\/wp-content\/uploads\/usu2664\/2024\/09\/2.png 1500w\" sizes=\"auto, (max-width: 683px) 100vw, 683px\" \/><\/p>\n","protected":false},"excerpt":{"rendered":"<p>Avui ha estat un mat\u00ed ben diferent&#8230;el claustre de mestres ens hem despla\u00e7at a Vila-Seca per con\u00e8ixer de primera m\u00e0 l&#8217;entorn patrimonial i cultural de la vila. El regidor, el Sr. Miguel \u00c1ngel Almansa juntament amb el Patronat de Turisme de l&#8217;Ajuntament de Vila-Seca i&hellip;  <a href=\"https:\/\/agora.xtec.cat\/esc-laplana\/portada\/visita-per-vila-seca\/\" title=\"Read VISITA PER VILA-SECA!\">Llegeix m\u00e9s\u00bb<\/a><\/p>\n","protected":false},"author":1,"featured_media":0,"comment_status":"open","ping_status":"closed","sticky":false,"template":"","format":"standard","meta":{"_bbp_topic_count":0,"_bbp_reply_count":0,"_bbp_total_topic_count":0,"_bbp_total_reply_count":0,"_bbp_voice_count":0,"_bbp_anonymous_reply_count":0,"_bbp_topic_count_hidden":0,"_bbp_reply_count_hidden":0,"_bbp_forum_subforum_count":0,"footnotes":""},"categories":[4],"tags":[],"class_list":["post-1950","post","type-post","status-publish","format-standard","hentry","category-portada"],"post_mailing_queue_ids":[],"_links":{"self":[{"href":"https:\/\/agora.xtec.cat\/esc-laplana\/wp-json\/wp\/v2\/posts\/1950","targetHints":{"allow":["GET"]}}],"collection":[{"href":"https:\/\/agora.xtec.cat\/esc-laplana\/wp-json\/wp\/v2\/posts"}],"about":[{"href":"https:\/\/agora.xtec.cat\/esc-laplana\/wp-json\/wp\/v2\/types\/post"}],"author":[{"embeddable":true,"href":"https:\/\/agora.xtec.cat\/esc-laplana\/wp-json\/wp\/v2\/users\/1"}],"replies":[{"embeddable":true,"href":"https:\/\/agora.xtec.cat\/esc-laplana\/wp-json\/wp\/v2\/comments?post=1950"}],"version-history":[{"count":1,"href":"https:\/\/agora.xtec.cat\/esc-laplana\/wp-json\/wp\/v2\/posts\/1950\/revisions"}],"predecessor-version":[{"id":1953,"href":"https:\/\/agora.xtec.cat\/esc-laplana\/wp-json\/wp\/v2\/posts\/1950\/revisions\/1953"}],"wp:attachment":[{"href":"https:\/\/agora.xtec.cat\/esc-laplana\/wp-json\/wp\/v2\/media?parent=1950"}],"wp:term":[{"taxonomy":"category","embeddable":true,"href":"https:\/\/agora.xtec.cat\/esc-laplana\/wp-json\/wp\/v2\/categories?post=1950"},{"taxonomy":"post_tag","embeddable":true,"href":"https:\/\/agora.xtec.cat\/esc-laplana\/wp-json\/wp\/v2\/tags?post=1950"}],"curies":[{"name":"wp","href":"https:\/\/api.w.org\/{rel}","templated":true}]}}