{"id":1937,"date":"2024-07-18T16:00:55","date_gmt":"2024-07-18T14:00:55","guid":{"rendered":"https:\/\/agora.xtec.cat\/esc-laplana\/?p=1937"},"modified":"2024-07-19T15:47:51","modified_gmt":"2024-07-19T13:47:51","slug":"marxem-de-vacances","status":"publish","type":"post","link":"https:\/\/agora.xtec.cat\/esc-laplana\/general\/marxem-de-vacances\/","title":{"rendered":"MARXEM DE VACANCES!"},"content":{"rendered":"<p>L&#8217;escola tanca, oficialment, per vacances a partir d&#8217;avui 18 de juliol.<\/p>\n<p>Si necessiteu contactar amb nosaltres ho podeu fer a trav\u00e9s del correu electr\u00f2nic<em><strong> e3006241@xtec.cat<\/strong><\/em> i us respondrem el m\u00e9s aviat possible.<\/p>\n<p>Bon estiu!<\/p>\n<p><img loading=\"lazy\" decoding=\"async\" class=\"alignnone size-full wp-image-1938\" src=\"https:\/\/agora.xtec.cat\/esc-laplana\/wp-content\/uploads\/usu2664\/2024\/07\/Vacances.jpg\" alt=\"\" width=\"540\" height=\"360\" srcset=\"https:\/\/agora.xtec.cat\/esc-laplana\/wp-content\/uploads\/usu2664\/2024\/07\/Vacances.jpg 540w, https:\/\/agora.xtec.cat\/esc-laplana\/wp-content\/uploads\/usu2664\/2024\/07\/Vacances-300x200.jpg 300w\" sizes=\"auto, (max-width: 540px) 100vw, 540px\" \/><\/p>\n","protected":false},"excerpt":{"rendered":"<p>L&#8217;escola tanca, oficialment, per vacances a partir d&#8217;avui 18 de juliol.<br \/>\nSi necessiteu contactar amb nosaltres ho podeu fer a trav\u00e9s del correu electr\u00f2nic e3006241@xtec.cat i us respondrem el m\u00e9s aviat possible.<br \/>\nBon estiu!<\/p>\n","protected":false},"author":1,"featured_media":0,"comment_status":"open","ping_status":"closed","sticky":false,"template":"","format":"standard","meta":{"_bbp_topic_count":0,"_bbp_reply_count":0,"_bbp_total_topic_count":0,"_bbp_total_reply_count":0,"_bbp_voice_count":0,"_bbp_anonymous_reply_count":0,"_bbp_topic_count_hidden":0,"_bbp_reply_count_hidden":0,"_bbp_forum_subforum_count":0,"footnotes":""},"categories":[1,4],"tags":[],"class_list":["post-1937","post","type-post","status-publish","format-standard","hentry","category-general","category-portada"],"post_mailing_queue_ids":[],"_links":{"self":[{"href":"https:\/\/agora.xtec.cat\/esc-laplana\/wp-json\/wp\/v2\/posts\/1937","targetHints":{"allow":["GET"]}}],"collection":[{"href":"https:\/\/agora.xtec.cat\/esc-laplana\/wp-json\/wp\/v2\/posts"}],"about":[{"href":"https:\/\/agora.xtec.cat\/esc-laplana\/wp-json\/wp\/v2\/types\/post"}],"author":[{"embeddable":true,"href":"https:\/\/agora.xtec.cat\/esc-laplana\/wp-json\/wp\/v2\/users\/1"}],"replies":[{"embeddable":true,"href":"https:\/\/agora.xtec.cat\/esc-laplana\/wp-json\/wp\/v2\/comments?post=1937"}],"version-history":[{"count":1,"href":"https:\/\/agora.xtec.cat\/esc-laplana\/wp-json\/wp\/v2\/posts\/1937\/revisions"}],"predecessor-version":[{"id":1939,"href":"https:\/\/agora.xtec.cat\/esc-laplana\/wp-json\/wp\/v2\/posts\/1937\/revisions\/1939"}],"wp:attachment":[{"href":"https:\/\/agora.xtec.cat\/esc-laplana\/wp-json\/wp\/v2\/media?parent=1937"}],"wp:term":[{"taxonomy":"category","embeddable":true,"href":"https:\/\/agora.xtec.cat\/esc-laplana\/wp-json\/wp\/v2\/categories?post=1937"},{"taxonomy":"post_tag","embeddable":true,"href":"https:\/\/agora.xtec.cat\/esc-laplana\/wp-json\/wp\/v2\/tags?post=1937"}],"curies":[{"name":"wp","href":"https:\/\/api.w.org\/{rel}","templated":true}]}}