{"id":1884,"date":"2024-06-19T13:11:57","date_gmt":"2024-06-19T11:11:57","guid":{"rendered":"https:\/\/agora.xtec.cat\/esc-laplana\/?p=1884"},"modified":"2024-06-25T21:56:20","modified_gmt":"2024-06-25T19:56:20","slug":"collita-de-patates-a-lescola","status":"publish","type":"post","link":"https:\/\/agora.xtec.cat\/esc-laplana\/general\/collita-de-patates-a-lescola\/","title":{"rendered":"Collita de Patates a l&#8217;Escola"},"content":{"rendered":"<p>Aquest any, a l&#8217;hort de l&#8217;escola hem tingut una bona collita de patates de la varietat Red Pontiac. Els alumnes d&#8217;educaci\u00f3 infantil, cicle inicial i cicle mitj\u00e0 han pogut participar en la recol\u00b7lecci\u00f3 i s&#8217;han emportat aquestes delicioses patates a casa seva per compartir amb les seves fam\u00edlies.<\/p>\n<p>Aquesta activitat no nom\u00e9s ens permet gaudir dels fruits del nostre treball, sin\u00f3 que tamb\u00e9 \u00e9s una oportunitat perqu\u00e8 els nens aprenguin sobre el proc\u00e9s de creixement de les plantes, la import\u00e0ncia de l&#8217;agricultura i els beneficis d&#8217;una alimentaci\u00f3 saludable.<\/p>\n<p>D&#8217;altra banda, els alumnes de cicle superior tamb\u00e9 han tingut l&#8217;oportunitat de gaudir de les verdures de l&#8217;hort en altres moments de l&#8217;any. Han recollit faves i pastanagues, que despr\u00e9s han pogut portar a casa i compartir amb les seves fam\u00edlies.<\/p>\n<p>Estem molt orgullosos del nostre hort escolar i del treball que tots els alumnes han fet per cuidar-lo i mantenir-lo. Esperem que aquesta experi\u00e8ncia continu\u00ef ensenyant als nostres alumnes el valor de la natura i la import\u00e0ncia de cuidar el nostre entorn.<a href=\"https:\/\/agora.xtec.cat\/esc-laplana\/wp-content\/uploads\/usu2664\/2024\/06\/Student-Name-Labels-in-Green-and-White-Botanical-Style-e1718795461198.jpg\"><img loading=\"lazy\" decoding=\"async\" class=\"alignnone size-large wp-image-1885\" src=\"https:\/\/agora.xtec.cat\/esc-laplana\/wp-content\/uploads\/usu2664\/2024\/06\/Student-Name-Labels-in-Green-and-White-Botanical-Style-e1718795461198-1024x724.jpg\" alt=\"\" width=\"1024\" height=\"724\" srcset=\"https:\/\/agora.xtec.cat\/esc-laplana\/wp-content\/uploads\/usu2664\/2024\/06\/Student-Name-Labels-in-Green-and-White-Botanical-Style-e1718795461198-1024x724.jpg 1024w, https:\/\/agora.xtec.cat\/esc-laplana\/wp-content\/uploads\/usu2664\/2024\/06\/Student-Name-Labels-in-Green-and-White-Botanical-Style-e1718795461198-300x212.jpg 300w, https:\/\/agora.xtec.cat\/esc-laplana\/wp-content\/uploads\/usu2664\/2024\/06\/Student-Name-Labels-in-Green-and-White-Botanical-Style-e1718795461198-768x543.jpg 768w, https:\/\/agora.xtec.cat\/esc-laplana\/wp-content\/uploads\/usu2664\/2024\/06\/Student-Name-Labels-in-Green-and-White-Botanical-Style-e1718795461198-1536x1086.jpg 1536w, https:\/\/agora.xtec.cat\/esc-laplana\/wp-content\/uploads\/usu2664\/2024\/06\/Student-Name-Labels-in-Green-and-White-Botanical-Style-e1718795461198.jpg 2000w\" sizes=\"auto, (max-width: 1024px) 100vw, 1024px\" \/><\/a><\/p>\n","protected":false},"excerpt":{"rendered":"<p>Aquest any, a l&#8217;hort de l&#8217;escola hem tingut una bona collita de patates de la varietat Red Pontiac. Els alumnes d&#8217;educaci\u00f3 infantil, cicle inicial i cicle mitj\u00e0 han pogut participar en la recol\u00b7lecci\u00f3 i s&#8217;han emportat aquestes delicioses patates a casa seva per compartir amb&hellip;  <a href=\"https:\/\/agora.xtec.cat\/esc-laplana\/general\/collita-de-patates-a-lescola\/\" title=\"Read Collita de Patates a l&#8217;Escola\">Llegeix m\u00e9s\u00bb<\/a><\/p>\n","protected":false},"author":1,"featured_media":0,"comment_status":"open","ping_status":"closed","sticky":false,"template":"","format":"standard","meta":{"_bbp_topic_count":0,"_bbp_reply_count":0,"_bbp_total_topic_count":0,"_bbp_total_reply_count":0,"_bbp_voice_count":0,"_bbp_anonymous_reply_count":0,"_bbp_topic_count_hidden":0,"_bbp_reply_count_hidden":0,"_bbp_forum_subforum_count":0,"footnotes":""},"categories":[1,69,4],"tags":[],"class_list":["post-1884","post","type-post","status-publish","format-standard","hentry","category-general","category-hort","category-portada"],"post_mailing_queue_ids":[],"_links":{"self":[{"href":"https:\/\/agora.xtec.cat\/esc-laplana\/wp-json\/wp\/v2\/posts\/1884","targetHints":{"allow":["GET"]}}],"collection":[{"href":"https:\/\/agora.xtec.cat\/esc-laplana\/wp-json\/wp\/v2\/posts"}],"about":[{"href":"https:\/\/agora.xtec.cat\/esc-laplana\/wp-json\/wp\/v2\/types\/post"}],"author":[{"embeddable":true,"href":"https:\/\/agora.xtec.cat\/esc-laplana\/wp-json\/wp\/v2\/users\/1"}],"replies":[{"embeddable":true,"href":"https:\/\/agora.xtec.cat\/esc-laplana\/wp-json\/wp\/v2\/comments?post=1884"}],"version-history":[{"count":2,"href":"https:\/\/agora.xtec.cat\/esc-laplana\/wp-json\/wp\/v2\/posts\/1884\/revisions"}],"predecessor-version":[{"id":1887,"href":"https:\/\/agora.xtec.cat\/esc-laplana\/wp-json\/wp\/v2\/posts\/1884\/revisions\/1887"}],"wp:attachment":[{"href":"https:\/\/agora.xtec.cat\/esc-laplana\/wp-json\/wp\/v2\/media?parent=1884"}],"wp:term":[{"taxonomy":"category","embeddable":true,"href":"https:\/\/agora.xtec.cat\/esc-laplana\/wp-json\/wp\/v2\/categories?post=1884"},{"taxonomy":"post_tag","embeddable":true,"href":"https:\/\/agora.xtec.cat\/esc-laplana\/wp-json\/wp\/v2\/tags?post=1884"}],"curies":[{"name":"wp","href":"https:\/\/api.w.org\/{rel}","templated":true}]}}