{"id":1881,"date":"2024-06-19T08:39:37","date_gmt":"2024-06-19T06:39:37","guid":{"rendered":"https:\/\/agora.xtec.cat\/esc-laplana\/?p=1881"},"modified":"2024-06-19T08:39:37","modified_gmt":"2024-06-19T06:39:37","slug":"graduacio-i5-i-6e-23-24","status":"publish","type":"post","link":"https:\/\/agora.xtec.cat\/esc-laplana\/general\/graduacio-i5-i-6e-23-24\/","title":{"rendered":"GRADUACI\u00d3 i5 i 6\u00e8 23-24"},"content":{"rendered":"<p>Aquest \u00faltims dies s\u00f3n molt emocionants&#8230;la setmana passada vam celebrar l&#8217;acte de Graduaci\u00f3 de l&#8217;alumnat de i5 i de 6\u00e8. Va ser una tarda molt bonica on vam recordar i celebrar el pas per l&#8217;escola del nostre alumnat. Gr\u00e0cies a l&#8217;AFA de l&#8217;escola i a l&#8217;Ajuntament de Vila-Seca per ajudar-nos en l&#8217;organitzaci\u00f3 i a les fam\u00edlies per la vostra assist\u00e8ncia i suport durant aquests anys a l&#8217;escola. Als nens i nenes de i5 els veiem el proper curs a Prim\u00e0ria i als nois i noies que acaben 6\u00e8 els desitgem molt\u00edssima sort!<\/p>\n<p>Si voleu veure fotografies molt boniques feu clic a sobre de la imatge.<\/p>\n<p><a href=\"https:\/\/drive.google.com\/drive\/folders\/1-E3keMTnTr6BoncW7VtNVQb2cwXsOZ7I?usp=sharing\"><img loading=\"lazy\" decoding=\"async\" class=\"alignnone  wp-image-1882\" src=\"https:\/\/agora.xtec.cat\/esc-laplana\/wp-content\/uploads\/usu2664\/2024\/06\/graduacio-1-1024x768.jpg\" alt=\"\" width=\"683\" height=\"512\" srcset=\"https:\/\/agora.xtec.cat\/esc-laplana\/wp-content\/uploads\/usu2664\/2024\/06\/graduacio-1-1024x768.jpg 1024w, https:\/\/agora.xtec.cat\/esc-laplana\/wp-content\/uploads\/usu2664\/2024\/06\/graduacio-1-300x225.jpg 300w, https:\/\/agora.xtec.cat\/esc-laplana\/wp-content\/uploads\/usu2664\/2024\/06\/graduacio-1-768x576.jpg 768w, https:\/\/agora.xtec.cat\/esc-laplana\/wp-content\/uploads\/usu2664\/2024\/06\/graduacio-1-1536x1152.jpg 1536w, https:\/\/agora.xtec.cat\/esc-laplana\/wp-content\/uploads\/usu2664\/2024\/06\/graduacio-1-2048x1536.jpg 2048w, https:\/\/agora.xtec.cat\/esc-laplana\/wp-content\/uploads\/usu2664\/2024\/06\/graduacio-1-200x150.jpg 200w\" sizes=\"auto, (max-width: 683px) 100vw, 683px\" \/><\/a><\/p>\n","protected":false},"excerpt":{"rendered":"<p>Aquest \u00faltims dies s\u00f3n molt emocionants&#8230;la setmana passada vam celebrar l&#8217;acte de Graduaci\u00f3 de l&#8217;alumnat de i5 i de 6\u00e8. Va ser una tarda molt bonica on vam recordar i celebrar el pas per l&#8217;escola del nostre alumnat. Gr\u00e0cies a l&#8217;AFA de l&#8217;escola i a&hellip;  <a href=\"https:\/\/agora.xtec.cat\/esc-laplana\/general\/graduacio-i5-i-6e-23-24\/\" title=\"Read GRADUACI\u00d3 i5 i 6\u00e8 23-24\">Llegeix m\u00e9s\u00bb<\/a><\/p>\n","protected":false},"author":1,"featured_media":0,"comment_status":"open","ping_status":"closed","sticky":false,"template":"","format":"standard","meta":{"_bbp_topic_count":0,"_bbp_reply_count":0,"_bbp_total_topic_count":0,"_bbp_total_reply_count":0,"_bbp_voice_count":0,"_bbp_anonymous_reply_count":0,"_bbp_topic_count_hidden":0,"_bbp_reply_count_hidden":0,"_bbp_forum_subforum_count":0,"footnotes":""},"categories":[14,8,1,4],"tags":[],"class_list":["post-1881","post","type-post","status-publish","format-standard","hentry","category-promo-15-23","category-1r-promo-21-29","category-general","category-portada"],"post_mailing_queue_ids":[],"_links":{"self":[{"href":"https:\/\/agora.xtec.cat\/esc-laplana\/wp-json\/wp\/v2\/posts\/1881","targetHints":{"allow":["GET"]}}],"collection":[{"href":"https:\/\/agora.xtec.cat\/esc-laplana\/wp-json\/wp\/v2\/posts"}],"about":[{"href":"https:\/\/agora.xtec.cat\/esc-laplana\/wp-json\/wp\/v2\/types\/post"}],"author":[{"embeddable":true,"href":"https:\/\/agora.xtec.cat\/esc-laplana\/wp-json\/wp\/v2\/users\/1"}],"replies":[{"embeddable":true,"href":"https:\/\/agora.xtec.cat\/esc-laplana\/wp-json\/wp\/v2\/comments?post=1881"}],"version-history":[{"count":1,"href":"https:\/\/agora.xtec.cat\/esc-laplana\/wp-json\/wp\/v2\/posts\/1881\/revisions"}],"predecessor-version":[{"id":1883,"href":"https:\/\/agora.xtec.cat\/esc-laplana\/wp-json\/wp\/v2\/posts\/1881\/revisions\/1883"}],"wp:attachment":[{"href":"https:\/\/agora.xtec.cat\/esc-laplana\/wp-json\/wp\/v2\/media?parent=1881"}],"wp:term":[{"taxonomy":"category","embeddable":true,"href":"https:\/\/agora.xtec.cat\/esc-laplana\/wp-json\/wp\/v2\/categories?post=1881"},{"taxonomy":"post_tag","embeddable":true,"href":"https:\/\/agora.xtec.cat\/esc-laplana\/wp-json\/wp\/v2\/tags?post=1881"}],"curies":[{"name":"wp","href":"https:\/\/api.w.org\/{rel}","templated":true}]}}