{"id":1853,"date":"2024-06-11T10:25:19","date_gmt":"2024-06-11T08:25:19","guid":{"rendered":"https:\/\/agora.xtec.cat\/esc-laplana\/?p=1853"},"modified":"2024-06-11T10:25:19","modified_gmt":"2024-06-11T08:25:19","slug":"concurs-fotografies-matematiques","status":"publish","type":"post","link":"https:\/\/agora.xtec.cat\/esc-laplana\/general\/concurs-fotografies-matematiques\/","title":{"rendered":"Concurs fotografies matem\u00e0tiques!"},"content":{"rendered":"<p>La setmana de la ci\u00e8ncia a la nostra escola va comen\u00e7ar amb gran entusiasme gr\u00e0cies a un innovador concurs de fotografia matem\u00e0tic. L&#8217;esdeveniment, que va combinar creativitat, col\u00b7laboraci\u00f3 i amor per les matem\u00e0tiques, va deixar a tots els participants amb una experi\u00e8ncia inoblidable.<\/p>\n<p>El dilluns, tot l&#8217;alumnat es va organitzar en grups i va sortir a explorar el barri a la recerca d&#8217;objectes que representessin conceptes matem\u00e0tics. Des de formes geom\u00e8triques fins a patrons num\u00e8rics, res va escapar al seu ull atent. Cada grup va prendre fotografies d&#8217;aquests objectes i els hi va posar noms creatius, reflectint tant l&#8217;ess\u00e8ncia matem\u00e0tica de la imatge com la seva pr\u00f2pia originalitat.<\/p>\n<p>El divendres, les fotografies van ser exhibides a la biblioteca de l&#8217;escola, creant una galeria visual impressionant que mostrava la bellesa de les matem\u00e0tiques en el nostre entorn diari. Els nens i nenes van visitar la biblioteca per a votar per les seves fotos preferides.<\/p>\n<p>Felicitem a tots els participants pel seu esfor\u00e7 i creativitat.<\/p>\n<p>&nbsp;<\/p>\n<p style=\"text-align: center;\"><strong>Cliqueu a la fotografia si voleu veure m\u00e9s imatges.<\/strong><\/p>\n<p><a href=\"https:\/\/agora.xtec.cat\/esc-laplana\/wp-content\/uploads\/usu2664\/2024\/06\/20240524_092647-1-scaled.jpg\"><img loading=\"lazy\" decoding=\"async\" class=\"wp-image-1855 aligncenter\" src=\"https:\/\/agora.xtec.cat\/esc-laplana\/wp-content\/uploads\/usu2664\/2024\/06\/20240524_092647-1-1024x768.jpg\" alt=\"\" width=\"565\" height=\"424\" srcset=\"https:\/\/agora.xtec.cat\/esc-laplana\/wp-content\/uploads\/usu2664\/2024\/06\/20240524_092647-1-1024x768.jpg 1024w, https:\/\/agora.xtec.cat\/esc-laplana\/wp-content\/uploads\/usu2664\/2024\/06\/20240524_092647-1-300x225.jpg 300w, https:\/\/agora.xtec.cat\/esc-laplana\/wp-content\/uploads\/usu2664\/2024\/06\/20240524_092647-1-768x576.jpg 768w, https:\/\/agora.xtec.cat\/esc-laplana\/wp-content\/uploads\/usu2664\/2024\/06\/20240524_092647-1-1536x1152.jpg 1536w, https:\/\/agora.xtec.cat\/esc-laplana\/wp-content\/uploads\/usu2664\/2024\/06\/20240524_092647-1-2048x1536.jpg 2048w, https:\/\/agora.xtec.cat\/esc-laplana\/wp-content\/uploads\/usu2664\/2024\/06\/20240524_092647-1-200x150.jpg 200w\" sizes=\"auto, (max-width: 565px) 100vw, 565px\" \/><\/a><\/p>\n","protected":false},"excerpt":{"rendered":"<p>La setmana de la ci\u00e8ncia a la nostra escola va comen\u00e7ar amb gran entusiasme gr\u00e0cies a un innovador concurs de fotografia matem\u00e0tic. L&#8217;esdeveniment, que va combinar creativitat, col\u00b7laboraci\u00f3 i amor per les matem\u00e0tiques, va deixar a tots els participants amb una experi\u00e8ncia inoblidable.<br \/>\nEl dilluns, tot&hellip;  <a href=\"https:\/\/agora.xtec.cat\/esc-laplana\/general\/concurs-fotografies-matematiques\/\" title=\"Read Concurs fotografies matem\u00e0tiques!\">Llegeix m\u00e9s\u00bb<\/a><\/p>\n","protected":false},"author":1,"featured_media":0,"comment_status":"open","ping_status":"closed","sticky":false,"template":"","format":"standard","meta":{"_bbp_topic_count":0,"_bbp_reply_count":0,"_bbp_total_topic_count":0,"_bbp_total_reply_count":0,"_bbp_voice_count":0,"_bbp_anonymous_reply_count":0,"_bbp_topic_count_hidden":0,"_bbp_reply_count_hidden":0,"_bbp_forum_subforum_count":0,"footnotes":""},"categories":[1,2,4,5],"tags":[],"class_list":["post-1853","post","type-post","status-publish","format-standard","hentry","category-general","category-i4-promo-24-32","category-portada","category-primaria"],"post_mailing_queue_ids":[],"_links":{"self":[{"href":"https:\/\/agora.xtec.cat\/esc-laplana\/wp-json\/wp\/v2\/posts\/1853","targetHints":{"allow":["GET"]}}],"collection":[{"href":"https:\/\/agora.xtec.cat\/esc-laplana\/wp-json\/wp\/v2\/posts"}],"about":[{"href":"https:\/\/agora.xtec.cat\/esc-laplana\/wp-json\/wp\/v2\/types\/post"}],"author":[{"embeddable":true,"href":"https:\/\/agora.xtec.cat\/esc-laplana\/wp-json\/wp\/v2\/users\/1"}],"replies":[{"embeddable":true,"href":"https:\/\/agora.xtec.cat\/esc-laplana\/wp-json\/wp\/v2\/comments?post=1853"}],"version-history":[{"count":3,"href":"https:\/\/agora.xtec.cat\/esc-laplana\/wp-json\/wp\/v2\/posts\/1853\/revisions"}],"predecessor-version":[{"id":1859,"href":"https:\/\/agora.xtec.cat\/esc-laplana\/wp-json\/wp\/v2\/posts\/1853\/revisions\/1859"}],"wp:attachment":[{"href":"https:\/\/agora.xtec.cat\/esc-laplana\/wp-json\/wp\/v2\/media?parent=1853"}],"wp:term":[{"taxonomy":"category","embeddable":true,"href":"https:\/\/agora.xtec.cat\/esc-laplana\/wp-json\/wp\/v2\/categories?post=1853"},{"taxonomy":"post_tag","embeddable":true,"href":"https:\/\/agora.xtec.cat\/esc-laplana\/wp-json\/wp\/v2\/tags?post=1853"}],"curies":[{"name":"wp","href":"https:\/\/api.w.org\/{rel}","templated":true}]}}