{"id":1851,"date":"2024-06-11T11:31:47","date_gmt":"2024-06-11T09:31:47","guid":{"rendered":"https:\/\/agora.xtec.cat\/esc-laplana\/?p=1851"},"modified":"2024-06-11T11:31:47","modified_gmt":"2024-06-11T09:31:47","slug":"sortida-al-cap-de-vila-seca","status":"publish","type":"post","link":"https:\/\/agora.xtec.cat\/esc-laplana\/infantil\/i4-promo-24-32\/sortida-al-cap-de-vila-seca\/","title":{"rendered":"SORTIDA AL CAP DE VILA-SECA"},"content":{"rendered":"<p>El passat 8 de maig, els alumnes d&#8217;Educaci\u00f3 Infantil vam realitzar una sortida al CAP de Vila-Seca. Vam poder gaudir d&#8217;una de les activitats organitzades al municipi en motiu de la Setmana de la Salut. I, quina millor manera de fer-ho que visitant el centre i poder escoltar al personal sanitari. Tamb\u00e9 vam realitzar una activat on hav\u00edem de classificar aliments saludables per a la nostra salut i d&#8217;altres que no ho eren tant. Per\u00f2 el que ens va agradar m\u00e9s de tot va ser pujar a l&#8217;ambul\u00e0ncia, encendre les llums i parlar per l&#8217;emissora de r\u00e0dio.<\/p>\n<p>Si voleu veure les fotografies cliqueu la imatge.<\/p>\n<p><a href=\"https:\/\/drive.google.com\/drive\/folders\/1h5BJM_p5-YL5rA7YUl7NymO-4tVO3obX?usp=drive_link\"><img loading=\"lazy\" decoding=\"async\" class=\" wp-image-1861\" src=\"https:\/\/agora.xtec.cat\/esc-laplana\/wp-content\/uploads\/usu2664\/2024\/06\/istockphoto-915293840-612x612-1.jpg\" alt=\"\" width=\"455\" height=\"365\" srcset=\"https:\/\/agora.xtec.cat\/esc-laplana\/wp-content\/uploads\/usu2664\/2024\/06\/istockphoto-915293840-612x612-1.jpg 612w, https:\/\/agora.xtec.cat\/esc-laplana\/wp-content\/uploads\/usu2664\/2024\/06\/istockphoto-915293840-612x612-1-300x241.jpg 300w\" sizes=\"auto, (max-width: 455px) 100vw, 455px\" \/><\/a><\/p>\n<p>&nbsp;<\/p>\n<p>&nbsp;<\/p>\n<p>&nbsp;<\/p>\n<p>&nbsp;<\/p>\n","protected":false},"excerpt":{"rendered":"<p>El passat 8 de maig, els alumnes d&#8217;Educaci\u00f3 Infantil vam realitzar una sortida al CAP de Vila-Seca. Vam poder gaudir d&#8217;una de les activitats organitzades al municipi en motiu de la Setmana de la Salut. I, quina millor manera de fer-ho que visitant el centre&hellip;  <a href=\"https:\/\/agora.xtec.cat\/esc-laplana\/infantil\/i4-promo-24-32\/sortida-al-cap-de-vila-seca\/\" title=\"Read SORTIDA AL CAP DE VILA-SECA\">Llegeix m\u00e9s\u00bb<\/a><\/p>\n","protected":false},"author":1,"featured_media":0,"comment_status":"open","ping_status":"closed","sticky":false,"template":"","format":"standard","meta":{"_bbp_topic_count":0,"_bbp_reply_count":0,"_bbp_total_topic_count":0,"_bbp_total_reply_count":0,"_bbp_voice_count":0,"_bbp_anonymous_reply_count":0,"_bbp_topic_count_hidden":0,"_bbp_reply_count_hidden":0,"_bbp_forum_subforum_count":0,"footnotes":""},"categories":[62,8,2,3],"tags":[],"class_list":["post-1851","post","type-post","status-publish","format-standard","hentry","category-i5-promo-22-30","category-1r-promo-21-29","category-i4-promo-24-32","category-i4-promo-23-31"],"post_mailing_queue_ids":[],"_links":{"self":[{"href":"https:\/\/agora.xtec.cat\/esc-laplana\/wp-json\/wp\/v2\/posts\/1851","targetHints":{"allow":["GET"]}}],"collection":[{"href":"https:\/\/agora.xtec.cat\/esc-laplana\/wp-json\/wp\/v2\/posts"}],"about":[{"href":"https:\/\/agora.xtec.cat\/esc-laplana\/wp-json\/wp\/v2\/types\/post"}],"author":[{"embeddable":true,"href":"https:\/\/agora.xtec.cat\/esc-laplana\/wp-json\/wp\/v2\/users\/1"}],"replies":[{"embeddable":true,"href":"https:\/\/agora.xtec.cat\/esc-laplana\/wp-json\/wp\/v2\/comments?post=1851"}],"version-history":[{"count":6,"href":"https:\/\/agora.xtec.cat\/esc-laplana\/wp-json\/wp\/v2\/posts\/1851\/revisions"}],"predecessor-version":[{"id":1864,"href":"https:\/\/agora.xtec.cat\/esc-laplana\/wp-json\/wp\/v2\/posts\/1851\/revisions\/1864"}],"wp:attachment":[{"href":"https:\/\/agora.xtec.cat\/esc-laplana\/wp-json\/wp\/v2\/media?parent=1851"}],"wp:term":[{"taxonomy":"category","embeddable":true,"href":"https:\/\/agora.xtec.cat\/esc-laplana\/wp-json\/wp\/v2\/categories?post=1851"},{"taxonomy":"post_tag","embeddable":true,"href":"https:\/\/agora.xtec.cat\/esc-laplana\/wp-json\/wp\/v2\/tags?post=1851"}],"curies":[{"name":"wp","href":"https:\/\/api.w.org\/{rel}","templated":true}]}}