{"id":1810,"date":"2024-05-24T15:21:51","date_gmt":"2024-05-24T13:21:51","guid":{"rendered":"https:\/\/agora.xtec.cat\/esc-laplana\/?p=1810"},"modified":"2024-05-24T15:21:51","modified_gmt":"2024-05-24T13:21:51","slug":"galetes-de-civada","status":"publish","type":"post","link":"https:\/\/agora.xtec.cat\/esc-laplana\/general\/galetes-de-civada\/","title":{"rendered":"Galetes de civada!"},"content":{"rendered":"<p style=\"text-align: left;\">Aprofitant la Setmana de la Ci\u00e8ncia, els nostres estudiants de 5\u00e8 van participar en un taller de cuina, on la ci\u00e8ncia i l&#8217;alimentaci\u00f3 saludable es van unir per a una activitat educativa i deliciosa. Com a part de les nostres lli\u00e7ons sobre unitats de mesura a matem\u00e0tiques, l&#8217;alumnat va posar en pr\u00e0ctica els seus coneixements preparant galetes saludables de civada.<\/p>\n<p style=\"text-align: center;\">Una experi\u00e8ncia gustosa i saludable!<\/p>\n<p><a href=\"https:\/\/agora.xtec.cat\/esc-laplana\/wp-content\/uploads\/usu2664\/2024\/05\/WhatsApp-Image-2024-05-24-at-1.46.11-PM.jpeg\"><img loading=\"lazy\" decoding=\"async\" class=\"wp-image-1811 aligncenter\" src=\"https:\/\/agora.xtec.cat\/esc-laplana\/wp-content\/uploads\/usu2664\/2024\/05\/WhatsApp-Image-2024-05-24-at-1.46.11-PM-768x1024.jpeg\" alt=\"\" width=\"287\" height=\"382\" srcset=\"https:\/\/agora.xtec.cat\/esc-laplana\/wp-content\/uploads\/usu2664\/2024\/05\/WhatsApp-Image-2024-05-24-at-1.46.11-PM-768x1024.jpeg 768w, https:\/\/agora.xtec.cat\/esc-laplana\/wp-content\/uploads\/usu2664\/2024\/05\/WhatsApp-Image-2024-05-24-at-1.46.11-PM-225x300.jpeg 225w, https:\/\/agora.xtec.cat\/esc-laplana\/wp-content\/uploads\/usu2664\/2024\/05\/WhatsApp-Image-2024-05-24-at-1.46.11-PM-1152x1536.jpeg 1152w, https:\/\/agora.xtec.cat\/esc-laplana\/wp-content\/uploads\/usu2664\/2024\/05\/WhatsApp-Image-2024-05-24-at-1.46.11-PM.jpeg 1536w\" sizes=\"auto, (max-width: 287px) 100vw, 287px\" \/><\/a><\/p>\n","protected":false},"excerpt":{"rendered":"<p>Aprofitant la Setmana de la Ci\u00e8ncia, els nostres estudiants de 5\u00e8 van participar en un taller de cuina, on la ci\u00e8ncia i l&#8217;alimentaci\u00f3 saludable es van unir per a una activitat educativa i deliciosa. Com a part de les nostres lli\u00e7ons sobre unitats de mesura&hellip;  <a href=\"https:\/\/agora.xtec.cat\/esc-laplana\/general\/galetes-de-civada\/\" title=\"Read Galetes de civada!\">Llegeix m\u00e9s\u00bb<\/a><\/p>\n","protected":false},"author":1,"featured_media":0,"comment_status":"open","ping_status":"closed","sticky":false,"template":"","format":"standard","meta":{"_bbp_topic_count":0,"_bbp_reply_count":0,"_bbp_total_topic_count":0,"_bbp_total_reply_count":0,"_bbp_voice_count":0,"_bbp_anonymous_reply_count":0,"_bbp_topic_count_hidden":0,"_bbp_reply_count_hidden":0,"_bbp_forum_subforum_count":0,"footnotes":""},"categories":[13,1,4],"tags":[],"class_list":["post-1810","post","type-post","status-publish","format-standard","hentry","category-promo-16-24","category-general","category-portada"],"post_mailing_queue_ids":[],"_links":{"self":[{"href":"https:\/\/agora.xtec.cat\/esc-laplana\/wp-json\/wp\/v2\/posts\/1810","targetHints":{"allow":["GET"]}}],"collection":[{"href":"https:\/\/agora.xtec.cat\/esc-laplana\/wp-json\/wp\/v2\/posts"}],"about":[{"href":"https:\/\/agora.xtec.cat\/esc-laplana\/wp-json\/wp\/v2\/types\/post"}],"author":[{"embeddable":true,"href":"https:\/\/agora.xtec.cat\/esc-laplana\/wp-json\/wp\/v2\/users\/1"}],"replies":[{"embeddable":true,"href":"https:\/\/agora.xtec.cat\/esc-laplana\/wp-json\/wp\/v2\/comments?post=1810"}],"version-history":[{"count":3,"href":"https:\/\/agora.xtec.cat\/esc-laplana\/wp-json\/wp\/v2\/posts\/1810\/revisions"}],"predecessor-version":[{"id":1814,"href":"https:\/\/agora.xtec.cat\/esc-laplana\/wp-json\/wp\/v2\/posts\/1810\/revisions\/1814"}],"wp:attachment":[{"href":"https:\/\/agora.xtec.cat\/esc-laplana\/wp-json\/wp\/v2\/media?parent=1810"}],"wp:term":[{"taxonomy":"category","embeddable":true,"href":"https:\/\/agora.xtec.cat\/esc-laplana\/wp-json\/wp\/v2\/categories?post=1810"},{"taxonomy":"post_tag","embeddable":true,"href":"https:\/\/agora.xtec.cat\/esc-laplana\/wp-json\/wp\/v2\/tags?post=1810"}],"curies":[{"name":"wp","href":"https:\/\/api.w.org\/{rel}","templated":true}]}}