{"id":1781,"date":"2024-05-17T15:02:59","date_gmt":"2024-05-17T13:02:59","guid":{"rendered":"https:\/\/agora.xtec.cat\/esc-laplana\/?p=1781"},"modified":"2024-05-23T13:58:38","modified_gmt":"2024-05-23T11:58:38","slug":"els-objectes-oblidats","status":"publish","type":"post","link":"https:\/\/agora.xtec.cat\/esc-laplana\/general\/els-objectes-oblidats\/","title":{"rendered":"Els objectes oblidats"},"content":{"rendered":"<p>L&#8217;alumnat d&#8217;educaci\u00f3 infantil aquest any han treballat l&#8217;obra &#8220;La Masia&#8221; de Joan Mir\u00f3. Van realitzar una sortida a Mont-roig del Camp per veure de primera m\u00e0 on es va pintar aquest quadre. De les moltes inquietuds i preguntes que van sorgir, la que m\u00e9s els va cridar l&#8217;atenci\u00f3 va ser: Com \u00e9s que\u00a0 la masovera del quadre &#8220;La Masia&#8221;, rentava la roba a m\u00e0 i no amb una rentadora? <span style=\"font-family: inherit; font-size: 1em;\">A partir d&#8217;aquest dubte van comen\u00e7ar a investigar&#8230;<\/span><\/p>\n<p><span style=\"font-weight: 300;\">La nostra\u00a0 monitora del menjador Maruja, diferents fam\u00edlies, l&#8217;avia de la nostra companya Triana, el senyor Tom\u00e0s\u2026ens han ajudat i han aportant objectes molt interessants: planxes, claus, m\u00e0quines d\u2019escriure, rellotges\u2026A mesura que els an\u00e0vem rebent vam descobrir moltes coses noves\u00a0 tot buscant <\/span><span style=\"font-weight: 300;\">informaci\u00f3 al llibre \u201cEls objectes oblidats\u201d, per internet\u2026<\/span><\/p>\n<p><span style=\"font-weight: 300;\">Han pogut reunir tants objectes i els hi\u00a0 ha agradat tant que han decidit compartir-ho amb la resta de companys\/es, exposant-los a la biblioteca de la nostra escola, d\u2019una manera especial.\u00a0<\/span><\/p>\n<p>Si voleu veure la nostra exposici\u00f3: &#8220;Els objectes oblidats&#8221;, cliqueu a la foto.<\/p>\n<p><a href=\"https:\/\/drive.google.com\/drive\/folders\/10gfgBuW98hUzjUDUdoA0hgJ6-oE4de_l?usp=sharing\"><img loading=\"lazy\" decoding=\"async\" class=\"alignnone wp-image-1785 size-large\" src=\"https:\/\/agora.xtec.cat\/esc-laplana\/wp-content\/uploads\/usu2664\/2024\/05\/IMG_20240515_131645-1024x1024.jpg\" alt=\"\" width=\"1024\" height=\"1024\" srcset=\"https:\/\/agora.xtec.cat\/esc-laplana\/wp-content\/uploads\/usu2664\/2024\/05\/IMG_20240515_131645-1024x1024.jpg 1024w, https:\/\/agora.xtec.cat\/esc-laplana\/wp-content\/uploads\/usu2664\/2024\/05\/IMG_20240515_131645-300x300.jpg 300w, https:\/\/agora.xtec.cat\/esc-laplana\/wp-content\/uploads\/usu2664\/2024\/05\/IMG_20240515_131645-150x150.jpg 150w, https:\/\/agora.xtec.cat\/esc-laplana\/wp-content\/uploads\/usu2664\/2024\/05\/IMG_20240515_131645-768x768.jpg 768w, https:\/\/agora.xtec.cat\/esc-laplana\/wp-content\/uploads\/usu2664\/2024\/05\/IMG_20240515_131645-1536x1536.jpg 1536w, https:\/\/agora.xtec.cat\/esc-laplana\/wp-content\/uploads\/usu2664\/2024\/05\/IMG_20240515_131645-2048x2048.jpg 2048w\" sizes=\"auto, (max-width: 1024px) 100vw, 1024px\" \/><\/a><\/p>\n","protected":false},"excerpt":{"rendered":"<p>L&#8217;alumnat d&#8217;educaci\u00f3 infantil aquest any han treballat l&#8217;obra &#8220;La Masia&#8221; de Joan Mir\u00f3. Van realitzar una sortida a Mont-roig del Camp per veure de primera m\u00e0 on es va pintar aquest quadre. De les moltes inquietuds i preguntes que van sorgir, la que m\u00e9s els&hellip;  <a href=\"https:\/\/agora.xtec.cat\/esc-laplana\/general\/els-objectes-oblidats\/\" title=\"Read Els objectes oblidats\">Llegeix m\u00e9s\u00bb<\/a><\/p>\n","protected":false},"author":1,"featured_media":0,"comment_status":"open","ping_status":"closed","sticky":false,"template":"","format":"standard","meta":{"_bbp_topic_count":0,"_bbp_reply_count":0,"_bbp_total_topic_count":0,"_bbp_total_reply_count":0,"_bbp_voice_count":0,"_bbp_anonymous_reply_count":0,"_bbp_topic_count_hidden":0,"_bbp_reply_count_hidden":0,"_bbp_forum_subforum_count":0,"footnotes":""},"categories":[62,8,1,2,3,4],"tags":[],"class_list":["post-1781","post","type-post","status-publish","format-standard","hentry","category-i5-promo-22-30","category-1r-promo-21-29","category-general","category-i4-promo-24-32","category-i4-promo-23-31","category-portada"],"post_mailing_queue_ids":[],"_links":{"self":[{"href":"https:\/\/agora.xtec.cat\/esc-laplana\/wp-json\/wp\/v2\/posts\/1781","targetHints":{"allow":["GET"]}}],"collection":[{"href":"https:\/\/agora.xtec.cat\/esc-laplana\/wp-json\/wp\/v2\/posts"}],"about":[{"href":"https:\/\/agora.xtec.cat\/esc-laplana\/wp-json\/wp\/v2\/types\/post"}],"author":[{"embeddable":true,"href":"https:\/\/agora.xtec.cat\/esc-laplana\/wp-json\/wp\/v2\/users\/1"}],"replies":[{"embeddable":true,"href":"https:\/\/agora.xtec.cat\/esc-laplana\/wp-json\/wp\/v2\/comments?post=1781"}],"version-history":[{"count":5,"href":"https:\/\/agora.xtec.cat\/esc-laplana\/wp-json\/wp\/v2\/posts\/1781\/revisions"}],"predecessor-version":[{"id":1803,"href":"https:\/\/agora.xtec.cat\/esc-laplana\/wp-json\/wp\/v2\/posts\/1781\/revisions\/1803"}],"wp:attachment":[{"href":"https:\/\/agora.xtec.cat\/esc-laplana\/wp-json\/wp\/v2\/media?parent=1781"}],"wp:term":[{"taxonomy":"category","embeddable":true,"href":"https:\/\/agora.xtec.cat\/esc-laplana\/wp-json\/wp\/v2\/categories?post=1781"},{"taxonomy":"post_tag","embeddable":true,"href":"https:\/\/agora.xtec.cat\/esc-laplana\/wp-json\/wp\/v2\/tags?post=1781"}],"curies":[{"name":"wp","href":"https:\/\/api.w.org\/{rel}","templated":true}]}}