{"id":1780,"date":"2024-05-16T14:57:14","date_gmt":"2024-05-16T12:57:14","guid":{"rendered":"https:\/\/agora.xtec.cat\/esc-laplana\/?p=1780"},"modified":"2024-05-16T14:57:14","modified_gmt":"2024-05-16T12:57:14","slug":"patrimoni-cultural-vila-seca","status":"publish","type":"post","link":"https:\/\/agora.xtec.cat\/esc-laplana\/general\/patrimoni-cultural-vila-seca\/","title":{"rendered":"Patrimoni cultural Vila-seca."},"content":{"rendered":"<p>El divendres passat cinqu\u00e8 va realitzar una enriquidora jornada d&#8217;exploraci\u00f3 per Vila-seca, una localitat rica en hist\u00f2ria i naturalesa. L&#8217;objectiu d&#8217;aquesta sortida va ser descobrir i aprendre sobre el patrimoni cultural i natural que aquest bell municipi ofereix.<a href=\"https:\/\/drive.google.com\/drive\/folders\/1-W_lwS8UiPR09bcaog2kACX7RY08kSDp?usp=sharing\"><img loading=\"lazy\" decoding=\"async\" class=\"aligncenter wp-image-1782\" src=\"https:\/\/agora.xtec.cat\/esc-laplana\/wp-content\/uploads\/usu2664\/2024\/05\/WhatsApp-Image-2024-05-10-at-2.05.36-PM-880x1024.jpeg\" alt=\"\" width=\"304\" height=\"354\" srcset=\"https:\/\/agora.xtec.cat\/esc-laplana\/wp-content\/uploads\/usu2664\/2024\/05\/WhatsApp-Image-2024-05-10-at-2.05.36-PM-880x1024.jpeg 880w, https:\/\/agora.xtec.cat\/esc-laplana\/wp-content\/uploads\/usu2664\/2024\/05\/WhatsApp-Image-2024-05-10-at-2.05.36-PM-258x300.jpeg 258w, https:\/\/agora.xtec.cat\/esc-laplana\/wp-content\/uploads\/usu2664\/2024\/05\/WhatsApp-Image-2024-05-10-at-2.05.36-PM-768x894.jpeg 768w, https:\/\/agora.xtec.cat\/esc-laplana\/wp-content\/uploads\/usu2664\/2024\/05\/WhatsApp-Image-2024-05-10-at-2.05.36-PM-1320x1536.jpeg 1320w, https:\/\/agora.xtec.cat\/esc-laplana\/wp-content\/uploads\/usu2664\/2024\/05\/WhatsApp-Image-2024-05-10-at-2.05.36-PM.jpeg 1375w\" sizes=\"auto, (max-width: 304px) 100vw, 304px\" \/><\/a><\/p>\n","protected":false},"excerpt":{"rendered":"<p>El divendres passat cinqu\u00e8 va realitzar una enriquidora jornada d&#8217;exploraci\u00f3 per Vila-seca, una localitat rica en hist\u00f2ria i naturalesa. L&#8217;objectiu d&#8217;aquesta sortida va ser descobrir i aprendre sobre el patrimoni cultural i natural que aquest bell municipi ofereix.<a href=\"https:\/\/drive.google.com\/drive\/folders\/1-W_lwS8UiPR09bcaog2kACX7RY08kSDp?usp=sharing\"><\/a><\/p>\n","protected":false},"author":1,"featured_media":0,"comment_status":"open","ping_status":"closed","sticky":false,"template":"","format":"standard","meta":{"_bbp_topic_count":0,"_bbp_reply_count":0,"_bbp_total_topic_count":0,"_bbp_total_reply_count":0,"_bbp_voice_count":0,"_bbp_anonymous_reply_count":0,"_bbp_topic_count_hidden":0,"_bbp_reply_count_hidden":0,"_bbp_forum_subforum_count":0,"footnotes":""},"categories":[13,1,4,5],"tags":[],"class_list":["post-1780","post","type-post","status-publish","format-standard","hentry","category-promo-16-24","category-general","category-portada","category-primaria"],"post_mailing_queue_ids":[],"_links":{"self":[{"href":"https:\/\/agora.xtec.cat\/esc-laplana\/wp-json\/wp\/v2\/posts\/1780","targetHints":{"allow":["GET"]}}],"collection":[{"href":"https:\/\/agora.xtec.cat\/esc-laplana\/wp-json\/wp\/v2\/posts"}],"about":[{"href":"https:\/\/agora.xtec.cat\/esc-laplana\/wp-json\/wp\/v2\/types\/post"}],"author":[{"embeddable":true,"href":"https:\/\/agora.xtec.cat\/esc-laplana\/wp-json\/wp\/v2\/users\/1"}],"replies":[{"embeddable":true,"href":"https:\/\/agora.xtec.cat\/esc-laplana\/wp-json\/wp\/v2\/comments?post=1780"}],"version-history":[{"count":1,"href":"https:\/\/agora.xtec.cat\/esc-laplana\/wp-json\/wp\/v2\/posts\/1780\/revisions"}],"predecessor-version":[{"id":1796,"href":"https:\/\/agora.xtec.cat\/esc-laplana\/wp-json\/wp\/v2\/posts\/1780\/revisions\/1796"}],"wp:attachment":[{"href":"https:\/\/agora.xtec.cat\/esc-laplana\/wp-json\/wp\/v2\/media?parent=1780"}],"wp:term":[{"taxonomy":"category","embeddable":true,"href":"https:\/\/agora.xtec.cat\/esc-laplana\/wp-json\/wp\/v2\/categories?post=1780"},{"taxonomy":"post_tag","embeddable":true,"href":"https:\/\/agora.xtec.cat\/esc-laplana\/wp-json\/wp\/v2\/tags?post=1780"}],"curies":[{"name":"wp","href":"https:\/\/api.w.org\/{rel}","templated":true}]}}