{"id":1778,"date":"2024-05-15T14:10:45","date_gmt":"2024-05-15T12:10:45","guid":{"rendered":"https:\/\/agora.xtec.cat\/esc-laplana\/?p=1778"},"modified":"2024-05-16T14:54:40","modified_gmt":"2024-05-16T12:54:40","slug":"sortida-a-la-messe","status":"publish","type":"post","link":"https:\/\/agora.xtec.cat\/esc-laplana\/general\/sortida-a-la-messe\/","title":{"rendered":"Sortida a la Messer"},"content":{"rendered":"<p><strong>Una Experi\u00e8ncia Educativa Inoblidable<\/strong><\/p>\n<p>Els alumnes de cicle superior van tenir l&#8217;oportunitat gr\u00e0cies a la col\u00b7laboraci\u00f3 de l&#8217;ICE de la URV i l&#8217;empresa Messer, de particiar a la sortida a la planta qu\u00edmica.<\/p>\n<p>La visita, gr\u00e0cies als professionals que la feren possible, represent\u00e0 als alumnes una immersi\u00f3 en el m\u00f3n de la ci\u00e8ncia i del funcionament de la mateixa empresa en relaci\u00f3 a qu\u00e8 hi fan, com funciona i per a qu\u00e8 serveix el producte que elaboren.<\/p>\n<p><strong>Cliqueu a la fotografia si voleu veure m\u00e9s imatges.<\/strong><\/p>\n<p><a href=\"https:\/\/drive.google.com\/drive\/folders\/1rLNLowRekSFkKft4AD9D8K0ozhvNaxe-?usp=sharing\"><img loading=\"lazy\" decoding=\"async\" class=\"alignnone wp-image-1793\" src=\"https:\/\/agora.xtec.cat\/esc-laplana\/wp-content\/uploads\/usu2664\/2024\/05\/1714737531716-1024x576.jpg\" alt=\"\" width=\"452\" height=\"254\" srcset=\"https:\/\/agora.xtec.cat\/esc-laplana\/wp-content\/uploads\/usu2664\/2024\/05\/1714737531716-1024x576.jpg 1024w, https:\/\/agora.xtec.cat\/esc-laplana\/wp-content\/uploads\/usu2664\/2024\/05\/1714737531716-300x169.jpg 300w, https:\/\/agora.xtec.cat\/esc-laplana\/wp-content\/uploads\/usu2664\/2024\/05\/1714737531716-768x432.jpg 768w, https:\/\/agora.xtec.cat\/esc-laplana\/wp-content\/uploads\/usu2664\/2024\/05\/1714737531716-1536x864.jpg 1536w, https:\/\/agora.xtec.cat\/esc-laplana\/wp-content\/uploads\/usu2664\/2024\/05\/1714737531716-2048x1152.jpg 2048w\" sizes=\"auto, (max-width: 452px) 100vw, 452px\" \/><\/a><\/p>\n<p>&nbsp;<\/p>\n","protected":false},"excerpt":{"rendered":"<p>Una Experi\u00e8ncia Educativa Inoblidable<br \/>\nEls alumnes de cicle superior van tenir l&#8217;oportunitat gr\u00e0cies a la col\u00b7laboraci\u00f3 de l&#8217;ICE de la URV i l&#8217;empresa Messer, de particiar a la sortida a la planta qu\u00edmica.<br \/>\nLa visita, gr\u00e0cies als professionals que la feren possible, represent\u00e0 als alumnes una immersi\u00f3&hellip;  <a href=\"https:\/\/agora.xtec.cat\/esc-laplana\/general\/sortida-a-la-messe\/\" title=\"Read Sortida a la Messer\">Llegeix m\u00e9s\u00bb<\/a><\/p>\n","protected":false},"author":1,"featured_media":0,"comment_status":"open","ping_status":"closed","sticky":false,"template":"","format":"standard","meta":{"_bbp_topic_count":0,"_bbp_reply_count":0,"_bbp_total_topic_count":0,"_bbp_total_reply_count":0,"_bbp_voice_count":0,"_bbp_anonymous_reply_count":0,"_bbp_topic_count_hidden":0,"_bbp_reply_count_hidden":0,"_bbp_forum_subforum_count":0,"footnotes":""},"categories":[14,13,1,4],"tags":[],"class_list":["post-1778","post","type-post","status-publish","format-standard","hentry","category-promo-15-23","category-promo-16-24","category-general","category-portada"],"post_mailing_queue_ids":[],"_links":{"self":[{"href":"https:\/\/agora.xtec.cat\/esc-laplana\/wp-json\/wp\/v2\/posts\/1778","targetHints":{"allow":["GET"]}}],"collection":[{"href":"https:\/\/agora.xtec.cat\/esc-laplana\/wp-json\/wp\/v2\/posts"}],"about":[{"href":"https:\/\/agora.xtec.cat\/esc-laplana\/wp-json\/wp\/v2\/types\/post"}],"author":[{"embeddable":true,"href":"https:\/\/agora.xtec.cat\/esc-laplana\/wp-json\/wp\/v2\/users\/1"}],"replies":[{"embeddable":true,"href":"https:\/\/agora.xtec.cat\/esc-laplana\/wp-json\/wp\/v2\/comments?post=1778"}],"version-history":[{"count":6,"href":"https:\/\/agora.xtec.cat\/esc-laplana\/wp-json\/wp\/v2\/posts\/1778\/revisions"}],"predecessor-version":[{"id":1795,"href":"https:\/\/agora.xtec.cat\/esc-laplana\/wp-json\/wp\/v2\/posts\/1778\/revisions\/1795"}],"wp:attachment":[{"href":"https:\/\/agora.xtec.cat\/esc-laplana\/wp-json\/wp\/v2\/media?parent=1778"}],"wp:term":[{"taxonomy":"category","embeddable":true,"href":"https:\/\/agora.xtec.cat\/esc-laplana\/wp-json\/wp\/v2\/categories?post=1778"},{"taxonomy":"post_tag","embeddable":true,"href":"https:\/\/agora.xtec.cat\/esc-laplana\/wp-json\/wp\/v2\/tags?post=1778"}],"curies":[{"name":"wp","href":"https:\/\/api.w.org\/{rel}","templated":true}]}}