{"id":1732,"date":"2024-05-01T21:25:35","date_gmt":"2024-05-01T19:25:35","guid":{"rendered":"https:\/\/agora.xtec.cat\/esc-laplana\/?p=1732"},"modified":"2024-05-01T21:28:34","modified_gmt":"2024-05-01T19:28:34","slug":"landreu-faro-a-lescola","status":"publish","type":"post","link":"https:\/\/agora.xtec.cat\/esc-laplana\/general\/landreu-faro-a-lescola\/","title":{"rendered":"L&#8217;ANDREU FARO A L&#8217;ESCOLA!"},"content":{"rendered":"<p style=\"text-align: justify;\">Ens encanta que ens visitin a l&#8217;escola persones importants del nostre municipi i, a m\u00e9s a m\u00e9s, si fan coses xul\u00edssimes com il.lustrar c\u00f2mics encara m\u00e9s! La setmana passada vam poder gaudir d&#8217;aquest artista nascut a Salas de los Infantes (Burgos) l\u2019any 1965 p\u00e8r\u00f2 que viu i treballa a Vila-seca.<\/p>\n<p style=\"text-align: justify;\">L&#8217;Andreu en va explicar com fou la seva traject\u00f2ria personal i laboral mitjan\u00e7ant unes preguntes que l&#8217;alumnat havia preparat per l&#8217;ocasi\u00f3. Tenien molta curiositat per saber quan va comen\u00e7ar a dibuixar, quines van ser les seves influ\u00e8ncies o com feia per inspirar-se i quines han estat les seves obres.<\/p>\n<p style=\"text-align: justify;\">En acabar els estudis de qu\u00edmica l\u2019any 1990 entra al Nou Diari com a humorista de contraportada. Durant molts anys va ser\u00a0el dibuixant de l\u2019acudit en el <em>Diari de Tarragona<\/em>. Tamb\u00e9 col\u00b7labora durant diversos anys en els setmanaris\u00a0<em>Cl\u00e0xon<\/em>\u00a0i\u00a0<em>Espais 7<\/em>\u00a0i en els diaris\u00a0<em>La Ma\u00f1ana<\/em>,\u00a0<em>El Segre<\/em>\u00a0i\u00a0<em>La Vanguardia<\/em>. Ha col\u00b7laborat en diferents portals\u00a0 d\u2019humor gr\u00e0fic com <em>Humoralia org\u00e0smica<\/em>\u00a0i\u00a0<em>Afectos colaterales<\/em> i ha il\u00b7lustrat diversos llibres de contes i l\u2019any 2002 va rebre la\u00a0<em>Petxina Daurada. <\/em>Actualment, ha il.lustrat alguns contes sobre l&#8217;activitat cultural de Vila-seca<\/p>\n<p style=\"text-align: justify;\">Vam poder veure quina era la seva t\u00e8cnica i amb la rapidesa que realitzava els seus dibuixos i ens va dedicar dues magn\u00edfiques il.lustracions de la nostra escola que penjarem amb molta il.lusi\u00f3 en un lloc on les poguem veure cada dia.<\/p>\n<p style=\"text-align: justify;\">Molt\u00edssimes gr\u00e0cies per la teva visita Faro!!<\/p>\n<p style=\"text-align: justify;\"><strong>Si voleu veure algunes imatges feu clic a sobre de la foto.<\/strong><\/p>\n<p><strong>EDUCACI\u00d3 INFANTIL<\/strong><\/p>\n<p><a href=\"https:\/\/drive.google.com\/drive\/folders\/13sm4DwnUGnUgO3w2rsezSis3UqbM6j1F?usp=sharing\"><img loading=\"lazy\" decoding=\"async\" class=\"alignnone wp-image-1735 size-large\" src=\"https:\/\/agora.xtec.cat\/esc-laplana\/wp-content\/uploads\/usu2664\/2024\/05\/20240424_121306-1024x461.jpg\" alt=\"\" width=\"1024\" height=\"461\" srcset=\"https:\/\/agora.xtec.cat\/esc-laplana\/wp-content\/uploads\/usu2664\/2024\/05\/20240424_121306-1024x461.jpg 1024w, https:\/\/agora.xtec.cat\/esc-laplana\/wp-content\/uploads\/usu2664\/2024\/05\/20240424_121306-300x135.jpg 300w, https:\/\/agora.xtec.cat\/esc-laplana\/wp-content\/uploads\/usu2664\/2024\/05\/20240424_121306-768x346.jpg 768w, https:\/\/agora.xtec.cat\/esc-laplana\/wp-content\/uploads\/usu2664\/2024\/05\/20240424_121306-1536x691.jpg 1536w, https:\/\/agora.xtec.cat\/esc-laplana\/wp-content\/uploads\/usu2664\/2024\/05\/20240424_121306-2048x922.jpg 2048w\" sizes=\"auto, (max-width: 1024px) 100vw, 1024px\" \/><\/a><\/p>\n<p><strong>EDUCACI\u00d3 PRIM\u00c0RIA<\/strong><br \/>\n<a href=\"https:\/\/drive.google.com\/drive\/folders\/14FjrzO_tS2DalWih2-AxRXgL3t_f364p?usp=sharing\"><img loading=\"lazy\" decoding=\"async\" class=\"alignnone wp-image-1736 size-large\" src=\"https:\/\/agora.xtec.cat\/esc-laplana\/wp-content\/uploads\/usu2664\/2024\/05\/20240424_131034ok-1024x461.jpg\" alt=\"\" width=\"1024\" height=\"461\" srcset=\"https:\/\/agora.xtec.cat\/esc-laplana\/wp-content\/uploads\/usu2664\/2024\/05\/20240424_131034ok-1024x461.jpg 1024w, https:\/\/agora.xtec.cat\/esc-laplana\/wp-content\/uploads\/usu2664\/2024\/05\/20240424_131034ok-300x135.jpg 300w, https:\/\/agora.xtec.cat\/esc-laplana\/wp-content\/uploads\/usu2664\/2024\/05\/20240424_131034ok-768x346.jpg 768w, https:\/\/agora.xtec.cat\/esc-laplana\/wp-content\/uploads\/usu2664\/2024\/05\/20240424_131034ok-1536x691.jpg 1536w, https:\/\/agora.xtec.cat\/esc-laplana\/wp-content\/uploads\/usu2664\/2024\/05\/20240424_131034ok-2048x922.jpg 2048w\" sizes=\"auto, (max-width: 1024px) 100vw, 1024px\" \/><\/a><\/p>\n","protected":false},"excerpt":{"rendered":"<p>Ens encanta que ens visitin a l&#8217;escola persones importants del nostre municipi i, a m\u00e9s a m\u00e9s, si fan coses xul\u00edssimes com il.lustrar c\u00f2mics encara m\u00e9s! La setmana passada vam poder gaudir d&#8217;aquest artista nascut a Salas de los Infantes (Burgos) l\u2019any 1965 p\u00e8r\u00f2 que&hellip;  <a href=\"https:\/\/agora.xtec.cat\/esc-laplana\/general\/landreu-faro-a-lescola\/\" title=\"Read L&#8217;ANDREU FARO A L&#8217;ESCOLA!\">Llegeix m\u00e9s\u00bb<\/a><\/p>\n","protected":false},"author":1,"featured_media":0,"comment_status":"open","ping_status":"closed","sticky":false,"template":"","format":"standard","meta":{"_bbp_topic_count":0,"_bbp_reply_count":0,"_bbp_total_topic_count":0,"_bbp_total_reply_count":0,"_bbp_voice_count":0,"_bbp_anonymous_reply_count":0,"_bbp_topic_count_hidden":0,"_bbp_reply_count_hidden":0,"_bbp_forum_subforum_count":0,"footnotes":""},"categories":[1,4],"tags":[],"class_list":["post-1732","post","type-post","status-publish","format-standard","hentry","category-general","category-portada"],"post_mailing_queue_ids":[],"_links":{"self":[{"href":"https:\/\/agora.xtec.cat\/esc-laplana\/wp-json\/wp\/v2\/posts\/1732","targetHints":{"allow":["GET"]}}],"collection":[{"href":"https:\/\/agora.xtec.cat\/esc-laplana\/wp-json\/wp\/v2\/posts"}],"about":[{"href":"https:\/\/agora.xtec.cat\/esc-laplana\/wp-json\/wp\/v2\/types\/post"}],"author":[{"embeddable":true,"href":"https:\/\/agora.xtec.cat\/esc-laplana\/wp-json\/wp\/v2\/users\/1"}],"replies":[{"embeddable":true,"href":"https:\/\/agora.xtec.cat\/esc-laplana\/wp-json\/wp\/v2\/comments?post=1732"}],"version-history":[{"count":3,"href":"https:\/\/agora.xtec.cat\/esc-laplana\/wp-json\/wp\/v2\/posts\/1732\/revisions"}],"predecessor-version":[{"id":1739,"href":"https:\/\/agora.xtec.cat\/esc-laplana\/wp-json\/wp\/v2\/posts\/1732\/revisions\/1739"}],"wp:attachment":[{"href":"https:\/\/agora.xtec.cat\/esc-laplana\/wp-json\/wp\/v2\/media?parent=1732"}],"wp:term":[{"taxonomy":"category","embeddable":true,"href":"https:\/\/agora.xtec.cat\/esc-laplana\/wp-json\/wp\/v2\/categories?post=1732"},{"taxonomy":"post_tag","embeddable":true,"href":"https:\/\/agora.xtec.cat\/esc-laplana\/wp-json\/wp\/v2\/tags?post=1732"}],"curies":[{"name":"wp","href":"https:\/\/api.w.org\/{rel}","templated":true}]}}