{"id":1727,"date":"2024-05-01T20:52:50","date_gmt":"2024-05-01T18:52:50","guid":{"rendered":"https:\/\/agora.xtec.cat\/esc-laplana\/?p=1727"},"modified":"2024-05-01T20:54:52","modified_gmt":"2024-05-01T18:54:52","slug":"ens-visita-la-colla-de-diables-de-vila-seca","status":"publish","type":"post","link":"https:\/\/agora.xtec.cat\/esc-laplana\/general\/ens-visita-la-colla-de-diables-de-vila-seca\/","title":{"rendered":"ENS VISITA LA COLLA DE DIABLES DE VILA-SECA!!"},"content":{"rendered":"<p>Dilluns pel mat\u00ed ens esperava una sorpresa&#8230;de cop i volta es van comen\u00e7ar a sentir uns sorolls que no sabiem ben b\u00e9 d&#8217;on procedien i quan vam arribar al gimn\u00e0s vam descobrir que ens havia vingut a visitar l&#8217;Eloi Alcaide del Ball de Diables de Vila-Seca.<\/p>\n<p>Amb l&#8217;Eloi vam aprendre quin \u00e9s l&#8217;origen, com s&#8217;ha d&#8217;anar vestit en un correfoc, quins personatges formen el Ball de Diables de Vila-Seca&#8230;i vam poder ballar i saltar al ritme del tabal.<\/p>\n<p>Va ser un mat\u00ed molt emocionant i ben cultural. Moltes gr\u00e0cies al Ball de Diables de Vila-Seca per la seva participaci\u00f3 en la nostra Setmana Cultural.<\/p>\n<p>Si voleu saber m\u00e9s coses podeu visitar la seva p\u00e0gina web<\/p>\n<p><a href=\"https:\/\/diablesvila-seca.cat\/\">https:\/\/diablesvila-seca.cat\/<\/a><\/p>\n<p><strong>Feu clic a sobre de la imatge per veure algunes fotografies<\/strong><\/p>\n<p><a href=\"https:\/\/drive.google.com\/drive\/folders\/15ZtYBxXhYyLFEowmUT63DyC43oAYajEZ?usp=sharing\"><img loading=\"lazy\" decoding=\"async\" class=\"alignnone wp-image-1728 \" src=\"https:\/\/agora.xtec.cat\/esc-laplana\/wp-content\/uploads\/usu2664\/2024\/05\/20240422_113927-1024x461.jpg\" alt=\"\" width=\"659\" height=\"297\" srcset=\"https:\/\/agora.xtec.cat\/esc-laplana\/wp-content\/uploads\/usu2664\/2024\/05\/20240422_113927-1024x461.jpg 1024w, https:\/\/agora.xtec.cat\/esc-laplana\/wp-content\/uploads\/usu2664\/2024\/05\/20240422_113927-300x135.jpg 300w, https:\/\/agora.xtec.cat\/esc-laplana\/wp-content\/uploads\/usu2664\/2024\/05\/20240422_113927-768x346.jpg 768w, https:\/\/agora.xtec.cat\/esc-laplana\/wp-content\/uploads\/usu2664\/2024\/05\/20240422_113927-1536x691.jpg 1536w, https:\/\/agora.xtec.cat\/esc-laplana\/wp-content\/uploads\/usu2664\/2024\/05\/20240422_113927-2048x922.jpg 2048w\" sizes=\"auto, (max-width: 659px) 100vw, 659px\" \/><\/a><\/p>\n","protected":false},"excerpt":{"rendered":"<p>Dilluns pel mat\u00ed ens esperava una sorpresa&#8230;de cop i volta es van comen\u00e7ar a sentir uns sorolls que no sabiem ben b\u00e9 d&#8217;on procedien i quan vam arribar al gimn\u00e0s vam descobrir que ens havia vingut a visitar l&#8217;Eloi Alcaide del Ball de Diables de&hellip;  <a href=\"https:\/\/agora.xtec.cat\/esc-laplana\/general\/ens-visita-la-colla-de-diables-de-vila-seca\/\" title=\"Read ENS VISITA LA COLLA DE DIABLES DE VILA-SECA!!\">Llegeix m\u00e9s\u00bb<\/a><\/p>\n","protected":false},"author":1,"featured_media":0,"comment_status":"open","ping_status":"closed","sticky":false,"template":"","format":"standard","meta":{"_bbp_topic_count":0,"_bbp_reply_count":0,"_bbp_total_topic_count":0,"_bbp_total_reply_count":0,"_bbp_voice_count":0,"_bbp_anonymous_reply_count":0,"_bbp_topic_count_hidden":0,"_bbp_reply_count_hidden":0,"_bbp_forum_subforum_count":0,"footnotes":""},"categories":[1,4],"tags":[],"class_list":["post-1727","post","type-post","status-publish","format-standard","hentry","category-general","category-portada"],"post_mailing_queue_ids":[],"_links":{"self":[{"href":"https:\/\/agora.xtec.cat\/esc-laplana\/wp-json\/wp\/v2\/posts\/1727","targetHints":{"allow":["GET"]}}],"collection":[{"href":"https:\/\/agora.xtec.cat\/esc-laplana\/wp-json\/wp\/v2\/posts"}],"about":[{"href":"https:\/\/agora.xtec.cat\/esc-laplana\/wp-json\/wp\/v2\/types\/post"}],"author":[{"embeddable":true,"href":"https:\/\/agora.xtec.cat\/esc-laplana\/wp-json\/wp\/v2\/users\/1"}],"replies":[{"embeddable":true,"href":"https:\/\/agora.xtec.cat\/esc-laplana\/wp-json\/wp\/v2\/comments?post=1727"}],"version-history":[{"count":2,"href":"https:\/\/agora.xtec.cat\/esc-laplana\/wp-json\/wp\/v2\/posts\/1727\/revisions"}],"predecessor-version":[{"id":1731,"href":"https:\/\/agora.xtec.cat\/esc-laplana\/wp-json\/wp\/v2\/posts\/1727\/revisions\/1731"}],"wp:attachment":[{"href":"https:\/\/agora.xtec.cat\/esc-laplana\/wp-json\/wp\/v2\/media?parent=1727"}],"wp:term":[{"taxonomy":"category","embeddable":true,"href":"https:\/\/agora.xtec.cat\/esc-laplana\/wp-json\/wp\/v2\/categories?post=1727"},{"taxonomy":"post_tag","embeddable":true,"href":"https:\/\/agora.xtec.cat\/esc-laplana\/wp-json\/wp\/v2\/tags?post=1727"}],"curies":[{"name":"wp","href":"https:\/\/api.w.org\/{rel}","templated":true}]}}