{"id":1724,"date":"2024-05-01T20:39:04","date_gmt":"2024-05-01T18:39:04","guid":{"rendered":"https:\/\/agora.xtec.cat\/esc-laplana\/?p=1724"},"modified":"2024-05-01T20:54:11","modified_gmt":"2024-05-01T18:54:11","slug":"xxi-jocs-florals-23-24","status":"publish","type":"post","link":"https:\/\/agora.xtec.cat\/esc-laplana\/general\/xxi-jocs-florals-23-24\/","title":{"rendered":"XXI JOCS FLORALS 23-24"},"content":{"rendered":"<p>Durant la Setmana Cultural s&#8217;han celebrat els tradicionals Jocs Florals a la nostra escola. L&#8217;alumnat del centre han estat preparant diferents poemes, els han escrit i els han il.lustrat en catal\u00e0, castell\u00e0 i angl\u00e8s.<\/p>\n<p>En aquesta edici\u00f3, els pseud\u00f2nims han estat relacionats amb el m\u00f3n de l&#8217;art i hem pogut treballar tamb\u00e9 qui eren els difererents artistes, escultors, arquitectes,&#8230;i alguna de les seves obres.<\/p>\n<p>Com sempre, aquest certamen literari s&#8217;ha obert al barri i a antics membres de la comunitat educativa i hem rebut boniques creaccions.<\/p>\n<p>Volem donar les gr\u00e0cies als membres del jurat, a ex-mestres que ens han ajudat a presentar aquest acte i a l&#8217;AFA de l&#8217;escola i a l&#8217;Ajuntament de Vila-Seca per la seva col.laboraci\u00f3 en l&#8217;organitzaci\u00f3 de l&#8217;acte.<\/p>\n<p>Moltes gr\u00e0cies i ens retrobem d&#8217;aqu\u00ed a dos cursos.<\/p>\n<p><strong>Si voleu veure algunes de la imatges podeu fer clic a sobre de la foto<\/strong><\/p>\n<p><a href=\"https:\/\/drive.google.com\/drive\/folders\/132OEpYAc0jAkeBiTYf2JYg6Mopg14tGN?usp=sharing\"><img loading=\"lazy\" decoding=\"async\" class=\"alignnone wp-image-1725 \" src=\"https:\/\/agora.xtec.cat\/esc-laplana\/wp-content\/uploads\/usu2664\/2024\/05\/20240423_134437-461x1024.jpg\" alt=\"\" width=\"268\" height=\"595\" srcset=\"https:\/\/agora.xtec.cat\/esc-laplana\/wp-content\/uploads\/usu2664\/2024\/05\/20240423_134437-461x1024.jpg 461w, https:\/\/agora.xtec.cat\/esc-laplana\/wp-content\/uploads\/usu2664\/2024\/05\/20240423_134437-135x300.jpg 135w, https:\/\/agora.xtec.cat\/esc-laplana\/wp-content\/uploads\/usu2664\/2024\/05\/20240423_134437-768x1705.jpg 768w, https:\/\/agora.xtec.cat\/esc-laplana\/wp-content\/uploads\/usu2664\/2024\/05\/20240423_134437-692x1536.jpg 692w, https:\/\/agora.xtec.cat\/esc-laplana\/wp-content\/uploads\/usu2664\/2024\/05\/20240423_134437-922x2048.jpg 922w, https:\/\/agora.xtec.cat\/esc-laplana\/wp-content\/uploads\/usu2664\/2024\/05\/20240423_134437-scaled.jpg 1153w\" sizes=\"auto, (max-width: 268px) 100vw, 268px\" \/><\/a><\/p>\n<p>&nbsp;<\/p>\n","protected":false},"excerpt":{"rendered":"<p>Durant la Setmana Cultural s&#8217;han celebrat els tradicionals Jocs Florals a la nostra escola. L&#8217;alumnat del centre han estat preparant diferents poemes, els han escrit i els han il.lustrat en catal\u00e0, castell\u00e0 i angl\u00e8s.<br \/>\nEn aquesta edici\u00f3, els pseud\u00f2nims han estat relacionats amb el m\u00f3n de&hellip;  <a href=\"https:\/\/agora.xtec.cat\/esc-laplana\/general\/xxi-jocs-florals-23-24\/\" title=\"Read XXI JOCS FLORALS 23-24\">Llegeix m\u00e9s\u00bb<\/a><\/p>\n","protected":false},"author":1,"featured_media":0,"comment_status":"open","ping_status":"closed","sticky":false,"template":"","format":"standard","meta":{"_bbp_topic_count":0,"_bbp_reply_count":0,"_bbp_total_topic_count":0,"_bbp_total_reply_count":0,"_bbp_voice_count":0,"_bbp_anonymous_reply_count":0,"_bbp_topic_count_hidden":0,"_bbp_reply_count_hidden":0,"_bbp_forum_subforum_count":0,"footnotes":""},"categories":[1,64,4],"tags":[],"class_list":["post-1724","post","type-post","status-publish","format-standard","hentry","category-general","category-niuet-de-la-lectura","category-portada"],"post_mailing_queue_ids":[],"_links":{"self":[{"href":"https:\/\/agora.xtec.cat\/esc-laplana\/wp-json\/wp\/v2\/posts\/1724","targetHints":{"allow":["GET"]}}],"collection":[{"href":"https:\/\/agora.xtec.cat\/esc-laplana\/wp-json\/wp\/v2\/posts"}],"about":[{"href":"https:\/\/agora.xtec.cat\/esc-laplana\/wp-json\/wp\/v2\/types\/post"}],"author":[{"embeddable":true,"href":"https:\/\/agora.xtec.cat\/esc-laplana\/wp-json\/wp\/v2\/users\/1"}],"replies":[{"embeddable":true,"href":"https:\/\/agora.xtec.cat\/esc-laplana\/wp-json\/wp\/v2\/comments?post=1724"}],"version-history":[{"count":2,"href":"https:\/\/agora.xtec.cat\/esc-laplana\/wp-json\/wp\/v2\/posts\/1724\/revisions"}],"predecessor-version":[{"id":1730,"href":"https:\/\/agora.xtec.cat\/esc-laplana\/wp-json\/wp\/v2\/posts\/1724\/revisions\/1730"}],"wp:attachment":[{"href":"https:\/\/agora.xtec.cat\/esc-laplana\/wp-json\/wp\/v2\/media?parent=1724"}],"wp:term":[{"taxonomy":"category","embeddable":true,"href":"https:\/\/agora.xtec.cat\/esc-laplana\/wp-json\/wp\/v2\/categories?post=1724"},{"taxonomy":"post_tag","embeddable":true,"href":"https:\/\/agora.xtec.cat\/esc-laplana\/wp-json\/wp\/v2\/tags?post=1724"}],"curies":[{"name":"wp","href":"https:\/\/api.w.org\/{rel}","templated":true}]}}