{"id":1720,"date":"2024-05-01T20:17:59","date_gmt":"2024-05-01T18:17:59","guid":{"rendered":"https:\/\/agora.xtec.cat\/esc-laplana\/?p=1720"},"modified":"2024-05-01T21:35:14","modified_gmt":"2024-05-01T19:35:14","slug":"audicions","status":"publish","type":"post","link":"https:\/\/agora.xtec.cat\/esc-laplana\/general\/audicions\/","title":{"rendered":"AUDICIONS: MOLLY, LA PEIXATERA."},"content":{"rendered":"<p style=\"text-align: justify;\">Fa uns dies l&#8217;alumnat d&#8217;i5 i de CI vam poder anar a l&#8217;Auditori Josep Carreras de Vila-Seca on vam gaudir d&#8217;un espectacle anomenat &#8220;Molly, la peixatera&#8221;.<\/p>\n<p style=\"text-align: justify;\">L\u2019espectacle explica la hist\u00f2ria de quan la Molly, una peixatera irlandesa que ven el<br \/>\nseu peix al carrer, es troba amb un grup de m\u00fasics.<br \/>\nEn aquesta ocasi\u00f3 el grup de m\u00fasics s\u00f3n els que formen el que coneixem com a<br \/>\nquintet de vent cl\u00e0ssic: flauta, obo\u00e8, clarinet, trompa i fagot.<br \/>\nLes peces que vam escoltar a l\u2019espectacle s\u00f3n adaptacions per al quintet de diverses<br \/>\n\u00e8poques de la m\u00fasica cl\u00e0ssica, a m\u00e9s d\u2019un parell de temes populars irlandesos i<br \/>\nalguns temes de m\u00fasica infantil. Algunes peces s\u00f3n m\u00fasica instrumental i d\u2019altres<br \/>\nacompanyant la veu.<\/p>\n<p>Aquesta sortida forma part de les activitats del PEE de l&#8217;Ajuntament de Vila-Seca.<\/p>\n<p><strong>Si voleu veure algunes imatges feu clic damunt de la foto<\/strong><\/p>\n<p><a href=\"https:\/\/drive.google.com\/drive\/folders\/1A_z8IjP6rmeymVKVax3EFFVMhJTgkTTh?usp=drive_link\"><img loading=\"lazy\" decoding=\"async\" class=\"alignnone wp-image-1722 size-large\" src=\"https:\/\/agora.xtec.cat\/esc-laplana\/wp-content\/uploads\/usu2664\/2024\/05\/20240412_090622-1024x461.jpg\" alt=\"\" width=\"1024\" height=\"461\" srcset=\"https:\/\/agora.xtec.cat\/esc-laplana\/wp-content\/uploads\/usu2664\/2024\/05\/20240412_090622-1024x461.jpg 1024w, https:\/\/agora.xtec.cat\/esc-laplana\/wp-content\/uploads\/usu2664\/2024\/05\/20240412_090622-300x135.jpg 300w, https:\/\/agora.xtec.cat\/esc-laplana\/wp-content\/uploads\/usu2664\/2024\/05\/20240412_090622-768x346.jpg 768w, https:\/\/agora.xtec.cat\/esc-laplana\/wp-content\/uploads\/usu2664\/2024\/05\/20240412_090622-1536x692.jpg 1536w, https:\/\/agora.xtec.cat\/esc-laplana\/wp-content\/uploads\/usu2664\/2024\/05\/20240412_090622-2048x922.jpg 2048w\" sizes=\"auto, (max-width: 1024px) 100vw, 1024px\" \/><\/a><\/p>\n","protected":false},"excerpt":{"rendered":"<p>Fa uns dies l&#8217;alumnat d&#8217;i5 i de CI vam poder anar a l&#8217;Auditori Josep Carreras de Vila-Seca on vam gaudir d&#8217;un espectacle anomenat &#8220;Molly, la peixatera&#8221;.<br \/>\nL\u2019espectacle explica la hist\u00f2ria de quan la Molly, una peixatera irlandesa que ven el<br \/>\nseu peix al carrer, es troba amb&hellip;  <a href=\"https:\/\/agora.xtec.cat\/esc-laplana\/general\/audicions\/\" title=\"Read AUDICIONS: MOLLY, LA PEIXATERA.\">Llegeix m\u00e9s\u00bb<\/a><\/p>\n","protected":false},"author":1,"featured_media":0,"comment_status":"open","ping_status":"closed","sticky":false,"template":"","format":"standard","meta":{"_bbp_topic_count":0,"_bbp_reply_count":0,"_bbp_total_topic_count":0,"_bbp_total_reply_count":0,"_bbp_voice_count":0,"_bbp_anonymous_reply_count":0,"_bbp_topic_count_hidden":0,"_bbp_reply_count_hidden":0,"_bbp_forum_subforum_count":0,"footnotes":""},"categories":[8,9,10,1,4],"tags":[],"class_list":["post-1720","post","type-post","status-publish","format-standard","hentry","category-1r-promo-21-29","category-2n-promo-20-28","category-3r-promo-19-27","category-general","category-portada"],"post_mailing_queue_ids":[],"_links":{"self":[{"href":"https:\/\/agora.xtec.cat\/esc-laplana\/wp-json\/wp\/v2\/posts\/1720","targetHints":{"allow":["GET"]}}],"collection":[{"href":"https:\/\/agora.xtec.cat\/esc-laplana\/wp-json\/wp\/v2\/posts"}],"about":[{"href":"https:\/\/agora.xtec.cat\/esc-laplana\/wp-json\/wp\/v2\/types\/post"}],"author":[{"embeddable":true,"href":"https:\/\/agora.xtec.cat\/esc-laplana\/wp-json\/wp\/v2\/users\/1"}],"replies":[{"embeddable":true,"href":"https:\/\/agora.xtec.cat\/esc-laplana\/wp-json\/wp\/v2\/comments?post=1720"}],"version-history":[{"count":2,"href":"https:\/\/agora.xtec.cat\/esc-laplana\/wp-json\/wp\/v2\/posts\/1720\/revisions"}],"predecessor-version":[{"id":1741,"href":"https:\/\/agora.xtec.cat\/esc-laplana\/wp-json\/wp\/v2\/posts\/1720\/revisions\/1741"}],"wp:attachment":[{"href":"https:\/\/agora.xtec.cat\/esc-laplana\/wp-json\/wp\/v2\/media?parent=1720"}],"wp:term":[{"taxonomy":"category","embeddable":true,"href":"https:\/\/agora.xtec.cat\/esc-laplana\/wp-json\/wp\/v2\/categories?post=1720"},{"taxonomy":"post_tag","embeddable":true,"href":"https:\/\/agora.xtec.cat\/esc-laplana\/wp-json\/wp\/v2\/tags?post=1720"}],"curies":[{"name":"wp","href":"https:\/\/api.w.org\/{rel}","templated":true}]}}