{"id":1717,"date":"2024-04-24T21:49:38","date_gmt":"2024-04-24T19:49:38","guid":{"rendered":"https:\/\/agora.xtec.cat\/esc-laplana\/?p=1717"},"modified":"2024-05-01T21:33:57","modified_gmt":"2024-05-01T19:33:57","slug":"dinamica-sobre-crianca-positiva-4t5e-i-6e-3a-sessio","status":"publish","type":"post","link":"https:\/\/agora.xtec.cat\/esc-laplana\/general\/dinamica-sobre-crianca-positiva-4t5e-i-6e-3a-sessio\/","title":{"rendered":"Din\u00e0mica sobre crian\u00e7a positiva 4t,5\u00e8 i 6\u00e8 (3a sessi\u00f3)"},"content":{"rendered":"<p>La setmana passada es va realitzar la 3a i \u00faltima sessi\u00f3 del projecte &#8220;Unides crian\u00e7a positiva&#8221; on algunes fam\u00edlies juntament amb els seus fills i filles van poder donar forma a les relacions entre pares, mares i filles i fills.<\/p>\n<p>Volem donar les gr\u00e0cies a l\u2019Anais, la Carla, la Gemma i l\u2019Alba, estudiants d\u2019integraci\u00f3 social de l\u2019IES Jaume I i a totes aquelles fam\u00edlies que en algunes de les 3 sessions han volgut participar d&#8217;aquestes din\u00e0miques.<\/p>\n<p><strong>Si voleu veure fotografies de la 3a sessi\u00f3 podeu fer clic a sobre de la imatge.<\/strong><\/p>\n<p><a href=\"https:\/\/drive.google.com\/drive\/folders\/17EFqNIDfexHBSi-oHeXBijOTauZqctkC?usp=sharing\"><img loading=\"lazy\" decoding=\"async\" class=\"alignnone wp-image-1718 size-large\" src=\"https:\/\/agora.xtec.cat\/esc-laplana\/wp-content\/uploads\/usu2664\/2024\/04\/20240418_162446-1024x461.jpg\" alt=\"\" width=\"1024\" height=\"461\" srcset=\"https:\/\/agora.xtec.cat\/esc-laplana\/wp-content\/uploads\/usu2664\/2024\/04\/20240418_162446-1024x461.jpg 1024w, https:\/\/agora.xtec.cat\/esc-laplana\/wp-content\/uploads\/usu2664\/2024\/04\/20240418_162446-300x135.jpg 300w, https:\/\/agora.xtec.cat\/esc-laplana\/wp-content\/uploads\/usu2664\/2024\/04\/20240418_162446-768x346.jpg 768w, https:\/\/agora.xtec.cat\/esc-laplana\/wp-content\/uploads\/usu2664\/2024\/04\/20240418_162446-1536x692.jpg 1536w, https:\/\/agora.xtec.cat\/esc-laplana\/wp-content\/uploads\/usu2664\/2024\/04\/20240418_162446-2048x922.jpg 2048w\" sizes=\"auto, (max-width: 1024px) 100vw, 1024px\" \/><\/a><\/p>\n<p>AQU\u00cd TENIU EL V\u00cdDEO de la segona din\u00e0mica&#8230;ha quedat preci\u00f3s us animem a veure&#8217;l!!<br \/>\n<iframe loading=\"lazy\" src=\"https:\/\/drive.google.com\/file\/d\/18Bb7HG_M8yl6RCr-42TSqDyBVOL2KQBB\/preview\" width=\"640\" height=\"480\"><\/iframe><\/p>\n","protected":false},"excerpt":{"rendered":"<p>La setmana passada es va realitzar la 3a i \u00faltima sessi\u00f3 del projecte &#8220;Unides crian\u00e7a positiva&#8221; on algunes fam\u00edlies juntament amb els seus fills i filles van poder donar forma a les relacions entre pares, mares i filles i fills.<br \/>\nVolem donar les gr\u00e0cies a l\u2019Anais,&hellip;  <a href=\"https:\/\/agora.xtec.cat\/esc-laplana\/general\/dinamica-sobre-crianca-positiva-4t5e-i-6e-3a-sessio\/\" title=\"Read Din\u00e0mica sobre crian\u00e7a positiva 4t,5\u00e8 i 6\u00e8 (3a sessi\u00f3)\">Llegeix m\u00e9s\u00bb<\/a><\/p>\n","protected":false},"author":1,"featured_media":0,"comment_status":"open","ping_status":"closed","sticky":false,"template":"","format":"standard","meta":{"_bbp_topic_count":0,"_bbp_reply_count":0,"_bbp_total_topic_count":0,"_bbp_total_reply_count":0,"_bbp_voice_count":0,"_bbp_anonymous_reply_count":0,"_bbp_topic_count_hidden":0,"_bbp_reply_count_hidden":0,"_bbp_forum_subforum_count":0,"footnotes":""},"categories":[1,4],"tags":[],"class_list":["post-1717","post","type-post","status-publish","format-standard","hentry","category-general","category-portada"],"post_mailing_queue_ids":[],"_links":{"self":[{"href":"https:\/\/agora.xtec.cat\/esc-laplana\/wp-json\/wp\/v2\/posts\/1717","targetHints":{"allow":["GET"]}}],"collection":[{"href":"https:\/\/agora.xtec.cat\/esc-laplana\/wp-json\/wp\/v2\/posts"}],"about":[{"href":"https:\/\/agora.xtec.cat\/esc-laplana\/wp-json\/wp\/v2\/types\/post"}],"author":[{"embeddable":true,"href":"https:\/\/agora.xtec.cat\/esc-laplana\/wp-json\/wp\/v2\/users\/1"}],"replies":[{"embeddable":true,"href":"https:\/\/agora.xtec.cat\/esc-laplana\/wp-json\/wp\/v2\/comments?post=1717"}],"version-history":[{"count":2,"href":"https:\/\/agora.xtec.cat\/esc-laplana\/wp-json\/wp\/v2\/posts\/1717\/revisions"}],"predecessor-version":[{"id":1740,"href":"https:\/\/agora.xtec.cat\/esc-laplana\/wp-json\/wp\/v2\/posts\/1717\/revisions\/1740"}],"wp:attachment":[{"href":"https:\/\/agora.xtec.cat\/esc-laplana\/wp-json\/wp\/v2\/media?parent=1717"}],"wp:term":[{"taxonomy":"category","embeddable":true,"href":"https:\/\/agora.xtec.cat\/esc-laplana\/wp-json\/wp\/v2\/categories?post=1717"},{"taxonomy":"post_tag","embeddable":true,"href":"https:\/\/agora.xtec.cat\/esc-laplana\/wp-json\/wp\/v2\/tags?post=1717"}],"curies":[{"name":"wp","href":"https:\/\/api.w.org\/{rel}","templated":true}]}}