{"id":1708,"date":"2024-04-24T21:22:17","date_gmt":"2024-04-24T19:22:17","guid":{"rendered":"https:\/\/agora.xtec.cat\/esc-laplana\/?p=1708"},"modified":"2024-04-24T21:35:33","modified_gmt":"2024-04-24T19:35:33","slug":"sortida-a-reus","status":"publish","type":"post","link":"https:\/\/agora.xtec.cat\/esc-laplana\/general\/sortida-a-reus\/","title":{"rendered":"Sortida a Reus!"},"content":{"rendered":"<p>Ja fa uns dies, tot l&#8217;alumnat de l&#8217;escola va poder anar a Reus per visitar la Casa Nav\u00e0s i el Centre Gaud\u00ed. Els\/les m\u00e9s petits\/es de l&#8217;escola es van posar a la pell d&#8217;un jardiner i els seus ajudants per descobrir totes les flors que amaga la fabulosa casa Nav\u00e0s d&#8217;estil modernista. Va ser una visita guiada molt especial i amb moltes sorpreses.<\/p>\n<p>L&#8217;alumnat de Cicle Mitj\u00e0 i de Cicle Superior va realitzar una visita guiada per Reus i despr\u00e9s va fer una activitat al Gaud\u00ed Centre on van descobrir m\u00e9s coses sobre Gaud\u00ed i sobre el modernisme.<\/p>\n<p>Aquesta sortida ha estat subvencionada per la dotaci\u00f3 econ\u00f2mica PROA+.<\/p>\n<p><strong>Podeu veure algunes imatges de la sortida fent clic a sobre de les fotografies.<\/strong><\/p>\n<p><strong>EDUCACI\u00d3 INFANTIL<\/strong><\/p>\n<p><a href=\"https:\/\/drive.google.com\/drive\/folders\/1n_MPBsAWVpZ053C6arqZ4ijmq5Er7XWa?usp=drive_link\"><img loading=\"lazy\" decoding=\"async\" class=\"alignnone wp-image-1709\" src=\"https:\/\/agora.xtec.cat\/esc-laplana\/wp-content\/uploads\/usu2664\/2024\/04\/20240318_103731-1024x768.jpg\" alt=\"\" width=\"471\" height=\"353\" srcset=\"https:\/\/agora.xtec.cat\/esc-laplana\/wp-content\/uploads\/usu2664\/2024\/04\/20240318_103731-1024x768.jpg 1024w, https:\/\/agora.xtec.cat\/esc-laplana\/wp-content\/uploads\/usu2664\/2024\/04\/20240318_103731-300x225.jpg 300w, https:\/\/agora.xtec.cat\/esc-laplana\/wp-content\/uploads\/usu2664\/2024\/04\/20240318_103731-768x576.jpg 768w, https:\/\/agora.xtec.cat\/esc-laplana\/wp-content\/uploads\/usu2664\/2024\/04\/20240318_103731-1536x1152.jpg 1536w, https:\/\/agora.xtec.cat\/esc-laplana\/wp-content\/uploads\/usu2664\/2024\/04\/20240318_103731-2048x1536.jpg 2048w, https:\/\/agora.xtec.cat\/esc-laplana\/wp-content\/uploads\/usu2664\/2024\/04\/20240318_103731-200x150.jpg 200w\" sizes=\"auto, (max-width: 471px) 100vw, 471px\" \/><\/a><br \/>\n<strong>CICLE INICIAL<\/strong><\/p>\n<p><a href=\"https:\/\/drive.google.com\/drive\/folders\/1l1ZjR7WiLYajUkT4JogUdhrA7x9SHSQR?usp=drive_link\"><img loading=\"lazy\" decoding=\"async\" class=\"alignnone wp-image-1710\" src=\"https:\/\/agora.xtec.cat\/esc-laplana\/wp-content\/uploads\/usu2664\/2024\/04\/20240318_105050-1024x461.jpg\" alt=\"\" width=\"463\" height=\"209\" srcset=\"https:\/\/agora.xtec.cat\/esc-laplana\/wp-content\/uploads\/usu2664\/2024\/04\/20240318_105050-1024x461.jpg 1024w, https:\/\/agora.xtec.cat\/esc-laplana\/wp-content\/uploads\/usu2664\/2024\/04\/20240318_105050-300x135.jpg 300w, https:\/\/agora.xtec.cat\/esc-laplana\/wp-content\/uploads\/usu2664\/2024\/04\/20240318_105050-768x346.jpg 768w, https:\/\/agora.xtec.cat\/esc-laplana\/wp-content\/uploads\/usu2664\/2024\/04\/20240318_105050-1536x691.jpg 1536w, https:\/\/agora.xtec.cat\/esc-laplana\/wp-content\/uploads\/usu2664\/2024\/04\/20240318_105050-2048x922.jpg 2048w\" sizes=\"auto, (max-width: 463px) 100vw, 463px\" \/><\/a><\/p>\n<p><strong>CICLE MITJ\u00c0 I SUPERIOR<\/strong><\/p>\n<p><a href=\"https:\/\/drive.google.com\/drive\/folders\/1n_eqTQXsHME3cEGJFnt_yYXM8lMNFlBH?usp=sharing\"><img loading=\"lazy\" decoding=\"async\" class=\"alignnone wp-image-1711 size-large\" src=\"https:\/\/agora.xtec.cat\/esc-laplana\/wp-content\/uploads\/usu2664\/2024\/04\/IMG_20240318_124846-461x1024.jpg\" alt=\"\" width=\"461\" height=\"1024\" srcset=\"https:\/\/agora.xtec.cat\/esc-laplana\/wp-content\/uploads\/usu2664\/2024\/04\/IMG_20240318_124846-461x1024.jpg 461w, https:\/\/agora.xtec.cat\/esc-laplana\/wp-content\/uploads\/usu2664\/2024\/04\/IMG_20240318_124846-135x300.jpg 135w, https:\/\/agora.xtec.cat\/esc-laplana\/wp-content\/uploads\/usu2664\/2024\/04\/IMG_20240318_124846-768x1707.jpg 768w, https:\/\/agora.xtec.cat\/esc-laplana\/wp-content\/uploads\/usu2664\/2024\/04\/IMG_20240318_124846-691x1536.jpg 691w, https:\/\/agora.xtec.cat\/esc-laplana\/wp-content\/uploads\/usu2664\/2024\/04\/IMG_20240318_124846-922x2048.jpg 922w, https:\/\/agora.xtec.cat\/esc-laplana\/wp-content\/uploads\/usu2664\/2024\/04\/IMG_20240318_124846-scaled.jpg 1152w\" sizes=\"auto, (max-width: 461px) 100vw, 461px\" \/><\/a><\/p>\n<p>&nbsp;<\/p>\n","protected":false},"excerpt":{"rendered":"<p>Ja fa uns dies, tot l&#8217;alumnat de l&#8217;escola va poder anar a Reus per visitar la Casa Nav\u00e0s i el Centre Gaud\u00ed. Els\/les m\u00e9s petits\/es de l&#8217;escola es van posar a la pell d&#8217;un jardiner i els seus ajudants per descobrir totes les flors que&hellip;  <a href=\"https:\/\/agora.xtec.cat\/esc-laplana\/general\/sortida-a-reus\/\" title=\"Read Sortida a Reus!\">Llegeix m\u00e9s\u00bb<\/a><\/p>\n","protected":false},"author":1,"featured_media":0,"comment_status":"open","ping_status":"closed","sticky":false,"template":"","format":"standard","meta":{"_bbp_topic_count":0,"_bbp_reply_count":0,"_bbp_total_topic_count":0,"_bbp_total_reply_count":0,"_bbp_voice_count":0,"_bbp_anonymous_reply_count":0,"_bbp_topic_count_hidden":0,"_bbp_reply_count_hidden":0,"_bbp_forum_subforum_count":0,"footnotes":""},"categories":[14,13,62,8,9,10,11,12,1,3,4],"tags":[],"class_list":["post-1708","post","type-post","status-publish","format-standard","hentry","category-promo-15-23","category-promo-16-24","category-i5-promo-22-30","category-1r-promo-21-29","category-2n-promo-20-28","category-3r-promo-19-27","category-4t-promo-18-26","category-5e-promo-17-25","category-general","category-i4-promo-23-31","category-portada"],"post_mailing_queue_ids":[],"_links":{"self":[{"href":"https:\/\/agora.xtec.cat\/esc-laplana\/wp-json\/wp\/v2\/posts\/1708","targetHints":{"allow":["GET"]}}],"collection":[{"href":"https:\/\/agora.xtec.cat\/esc-laplana\/wp-json\/wp\/v2\/posts"}],"about":[{"href":"https:\/\/agora.xtec.cat\/esc-laplana\/wp-json\/wp\/v2\/types\/post"}],"author":[{"embeddable":true,"href":"https:\/\/agora.xtec.cat\/esc-laplana\/wp-json\/wp\/v2\/users\/1"}],"replies":[{"embeddable":true,"href":"https:\/\/agora.xtec.cat\/esc-laplana\/wp-json\/wp\/v2\/comments?post=1708"}],"version-history":[{"count":2,"href":"https:\/\/agora.xtec.cat\/esc-laplana\/wp-json\/wp\/v2\/posts\/1708\/revisions"}],"predecessor-version":[{"id":1716,"href":"https:\/\/agora.xtec.cat\/esc-laplana\/wp-json\/wp\/v2\/posts\/1708\/revisions\/1716"}],"wp:attachment":[{"href":"https:\/\/agora.xtec.cat\/esc-laplana\/wp-json\/wp\/v2\/media?parent=1708"}],"wp:term":[{"taxonomy":"category","embeddable":true,"href":"https:\/\/agora.xtec.cat\/esc-laplana\/wp-json\/wp\/v2\/categories?post=1708"},{"taxonomy":"post_tag","embeddable":true,"href":"https:\/\/agora.xtec.cat\/esc-laplana\/wp-json\/wp\/v2\/tags?post=1708"}],"curies":[{"name":"wp","href":"https:\/\/api.w.org\/{rel}","templated":true}]}}