{"id":1694,"date":"2024-04-16T14:05:39","date_gmt":"2024-04-16T12:05:39","guid":{"rendered":"https:\/\/agora.xtec.cat\/esc-laplana\/?p=1694"},"modified":"2024-04-16T14:05:39","modified_gmt":"2024-04-16T12:05:39","slug":"capses-a-cicle-superior","status":"publish","type":"post","link":"https:\/\/agora.xtec.cat\/esc-laplana\/general\/capses-a-cicle-superior\/","title":{"rendered":"CAPSES A CICLE SUPERIOR"},"content":{"rendered":"<p>Aquest tercer trimestre a cicle superior hem engegat la situaci\u00f3 d&#8217;aprenentatge sobre els h\u00e0bits saludables, englobant els h\u00e0bits de la son, els h\u00e0bits higi\u00e8nics, els h\u00e0bits sobre les pantalles, els h\u00e0bits alimentaris i la salut emocional.<\/p>\n<p>Treballarem tots aquests aspectes mitjan\u00e7ant el treball cooperatiu i una proposta basada amb cinc capses d&#8217;aprenentatge que permetran a l&#8217;alumnat explorar, investigar i refor\u00e7ar la seva autonomia.<\/p>\n<p>Aqu\u00ed teniu algunes fotografies de la sessi\u00f3 inicial.<\/p>\n<p><a href=\"https:\/\/drive.google.com\/drive\/folders\/1gCb57l1P9lxo6mi-H7xM4agzgZk0vF6X?usp=drive_link\"><img loading=\"lazy\" decoding=\"async\" class=\"alignnone wp-image-1695 size-large\" src=\"https:\/\/agora.xtec.cat\/esc-laplana\/wp-content\/uploads\/usu2664\/2024\/04\/1713210313120-1-1024x576.jpg\" alt=\"\" width=\"1024\" height=\"576\" srcset=\"https:\/\/agora.xtec.cat\/esc-laplana\/wp-content\/uploads\/usu2664\/2024\/04\/1713210313120-1-1024x576.jpg 1024w, https:\/\/agora.xtec.cat\/esc-laplana\/wp-content\/uploads\/usu2664\/2024\/04\/1713210313120-1-300x169.jpg 300w, https:\/\/agora.xtec.cat\/esc-laplana\/wp-content\/uploads\/usu2664\/2024\/04\/1713210313120-1-768x432.jpg 768w, https:\/\/agora.xtec.cat\/esc-laplana\/wp-content\/uploads\/usu2664\/2024\/04\/1713210313120-1-1536x864.jpg 1536w, https:\/\/agora.xtec.cat\/esc-laplana\/wp-content\/uploads\/usu2664\/2024\/04\/1713210313120-1-2048x1152.jpg 2048w\" sizes=\"auto, (max-width: 1024px) 100vw, 1024px\" \/><\/a><\/p>\n","protected":false},"excerpt":{"rendered":"<p>Aquest tercer trimestre a cicle superior hem engegat la situaci\u00f3 d&#8217;aprenentatge sobre els h\u00e0bits saludables, englobant els h\u00e0bits de la son, els h\u00e0bits higi\u00e8nics, els h\u00e0bits sobre les pantalles, els h\u00e0bits alimentaris i la salut emocional.<br \/>\nTreballarem tots aquests aspectes mitjan\u00e7ant el treball cooperatiu i una&hellip;  <a href=\"https:\/\/agora.xtec.cat\/esc-laplana\/general\/capses-a-cicle-superior\/\" title=\"Read CAPSES A CICLE SUPERIOR\">Llegeix m\u00e9s\u00bb<\/a><\/p>\n","protected":false},"author":1,"featured_media":0,"comment_status":"open","ping_status":"closed","sticky":false,"template":"","format":"standard","meta":{"_bbp_topic_count":0,"_bbp_reply_count":0,"_bbp_total_topic_count":0,"_bbp_total_reply_count":0,"_bbp_voice_count":0,"_bbp_anonymous_reply_count":0,"_bbp_topic_count_hidden":0,"_bbp_reply_count_hidden":0,"_bbp_forum_subforum_count":0,"footnotes":""},"categories":[14,13,1,4],"tags":[],"class_list":["post-1694","post","type-post","status-publish","format-standard","hentry","category-promo-15-23","category-promo-16-24","category-general","category-portada"],"post_mailing_queue_ids":[],"_links":{"self":[{"href":"https:\/\/agora.xtec.cat\/esc-laplana\/wp-json\/wp\/v2\/posts\/1694","targetHints":{"allow":["GET"]}}],"collection":[{"href":"https:\/\/agora.xtec.cat\/esc-laplana\/wp-json\/wp\/v2\/posts"}],"about":[{"href":"https:\/\/agora.xtec.cat\/esc-laplana\/wp-json\/wp\/v2\/types\/post"}],"author":[{"embeddable":true,"href":"https:\/\/agora.xtec.cat\/esc-laplana\/wp-json\/wp\/v2\/users\/1"}],"replies":[{"embeddable":true,"href":"https:\/\/agora.xtec.cat\/esc-laplana\/wp-json\/wp\/v2\/comments?post=1694"}],"version-history":[{"count":2,"href":"https:\/\/agora.xtec.cat\/esc-laplana\/wp-json\/wp\/v2\/posts\/1694\/revisions"}],"predecessor-version":[{"id":1697,"href":"https:\/\/agora.xtec.cat\/esc-laplana\/wp-json\/wp\/v2\/posts\/1694\/revisions\/1697"}],"wp:attachment":[{"href":"https:\/\/agora.xtec.cat\/esc-laplana\/wp-json\/wp\/v2\/media?parent=1694"}],"wp:term":[{"taxonomy":"category","embeddable":true,"href":"https:\/\/agora.xtec.cat\/esc-laplana\/wp-json\/wp\/v2\/categories?post=1694"},{"taxonomy":"post_tag","embeddable":true,"href":"https:\/\/agora.xtec.cat\/esc-laplana\/wp-json\/wp\/v2\/tags?post=1694"}],"curies":[{"name":"wp","href":"https:\/\/api.w.org\/{rel}","templated":true}]}}