{"id":1664,"date":"2024-03-22T15:07:57","date_gmt":"2024-03-22T14:07:57","guid":{"rendered":"https:\/\/agora.xtec.cat\/esc-laplana\/?p=1664"},"modified":"2024-03-22T15:13:16","modified_gmt":"2024-03-22T14:13:16","slug":"activitats-amb-families-2n-trimestre","status":"publish","type":"post","link":"https:\/\/agora.xtec.cat\/esc-laplana\/general\/activitats-amb-families-2n-trimestre\/","title":{"rendered":"ACTIVITATS AMB FAM\u00cdLIES 2n trimestre"},"content":{"rendered":"<p>L&#8217;equip docent vol donar les gr\u00e0cies a les fam\u00edlies que us heu animat i heu pogut venir a l&#8217;escola a realitzar alguna de les activitats en fam\u00edlia. Tamb\u00e9 volem agrair a l&#8217;alumnat en pr\u00e0ctiques que est\u00e0 col.laborant a la nostra escola i, en especial, a l&#8217;Alba per haver organitzat algunes d&#8217;aquestes activitats.<\/p>\n<p>S&#8217;han realitzat din\u00e0miques amb l&#8217;alumnat de 4t, 5\u00e8 i 6\u00e8 sobre &#8220;Crian\u00e7a positiva&#8221;, un taller de Risoter\u00e0pia per celebrar el Dia Internacional de la Felicitat i una sessi\u00f3 per pensar com ens imaginem als nostres fills i filles d&#8217;aqu\u00ed a 20 anys&#8230;<\/p>\n<p>Durant el 3r trimestre continuarem realitzant alguns d&#8217;aquests tallers i din\u00e0miques perqu\u00e8 creiem que les fam\u00edlies heu de poder formar part del dia a dia a l&#8217;escola.<\/p>\n<p>Moltes gr\u00e0cies per la vostra col.laboraci\u00f3!<\/p>\n<p><strong>Si voleu veure alguna de les fotografies d&#8217;aquestes activitats podeu feu clic a sobre de les imatges.<\/strong><\/p>\n<p><strong>DIN\u00c0MICA VISI\u00d3<\/strong><\/p>\n<p><a href=\"https:\/\/drive.google.com\/drive\/folders\/1nveRAw-luMTLrkXK8yKmQ9IzShoMEZv6?usp=sharing\"><img loading=\"lazy\" decoding=\"async\" class=\"alignnone wp-image-1666 size-large\" src=\"https:\/\/agora.xtec.cat\/esc-laplana\/wp-content\/uploads\/usu2664\/2024\/03\/1710864874502-1-1024x576.jpg\" alt=\"\" width=\"1024\" height=\"576\" srcset=\"https:\/\/agora.xtec.cat\/esc-laplana\/wp-content\/uploads\/usu2664\/2024\/03\/1710864874502-1-1024x576.jpg 1024w, https:\/\/agora.xtec.cat\/esc-laplana\/wp-content\/uploads\/usu2664\/2024\/03\/1710864874502-1-300x169.jpg 300w, https:\/\/agora.xtec.cat\/esc-laplana\/wp-content\/uploads\/usu2664\/2024\/03\/1710864874502-1-768x432.jpg 768w, https:\/\/agora.xtec.cat\/esc-laplana\/wp-content\/uploads\/usu2664\/2024\/03\/1710864874502-1-1536x864.jpg 1536w, https:\/\/agora.xtec.cat\/esc-laplana\/wp-content\/uploads\/usu2664\/2024\/03\/1710864874502-1-2048x1152.jpg 2048w\" sizes=\"auto, (max-width: 1024px) 100vw, 1024px\" \/><\/a><\/p>\n<p><strong>TALLER DE RISOTER\u00c0PIA<\/strong><\/p>\n<p><a href=\"https:\/\/drive.google.com\/drive\/folders\/1oZOUCQ8Mw1IaZ9aTwm-ZMo9huJrndksW?usp=drive_link\"><img loading=\"lazy\" decoding=\"async\" class=\"alignnone wp-image-1665 size-large\" src=\"https:\/\/agora.xtec.cat\/esc-laplana\/wp-content\/uploads\/usu2664\/2024\/03\/20240320_150352-1024x461.jpg\" alt=\"\" width=\"1024\" height=\"461\" srcset=\"https:\/\/agora.xtec.cat\/esc-laplana\/wp-content\/uploads\/usu2664\/2024\/03\/20240320_150352-1024x461.jpg 1024w, https:\/\/agora.xtec.cat\/esc-laplana\/wp-content\/uploads\/usu2664\/2024\/03\/20240320_150352-300x135.jpg 300w, https:\/\/agora.xtec.cat\/esc-laplana\/wp-content\/uploads\/usu2664\/2024\/03\/20240320_150352-768x346.jpg 768w, https:\/\/agora.xtec.cat\/esc-laplana\/wp-content\/uploads\/usu2664\/2024\/03\/20240320_150352-1536x691.jpg 1536w, https:\/\/agora.xtec.cat\/esc-laplana\/wp-content\/uploads\/usu2664\/2024\/03\/20240320_150352-2048x922.jpg 2048w\" sizes=\"auto, (max-width: 1024px) 100vw, 1024px\" \/><\/a><br \/>\n<strong>DIN\u00c0MICA SOBRE CRIAN\u00c7A POSITIVA<\/strong><br \/>\n<a href=\"https:\/\/drive.google.com\/drive\/folders\/1pKwyyLBrN3vRJ8966qOONFf392Ov1oN5?usp=drive_link\"><img loading=\"lazy\" decoding=\"async\" class=\"alignnone wp-image-1669 size-large\" src=\"https:\/\/agora.xtec.cat\/esc-laplana\/wp-content\/uploads\/usu2664\/2024\/03\/IMG-20240322-WA0032-1024x768.jpg\" alt=\"\" width=\"1024\" height=\"768\" srcset=\"https:\/\/agora.xtec.cat\/esc-laplana\/wp-content\/uploads\/usu2664\/2024\/03\/IMG-20240322-WA0032-1024x768.jpg 1024w, https:\/\/agora.xtec.cat\/esc-laplana\/wp-content\/uploads\/usu2664\/2024\/03\/IMG-20240322-WA0032-300x225.jpg 300w, https:\/\/agora.xtec.cat\/esc-laplana\/wp-content\/uploads\/usu2664\/2024\/03\/IMG-20240322-WA0032-768x576.jpg 768w, https:\/\/agora.xtec.cat\/esc-laplana\/wp-content\/uploads\/usu2664\/2024\/03\/IMG-20240322-WA0032-1536x1152.jpg 1536w, https:\/\/agora.xtec.cat\/esc-laplana\/wp-content\/uploads\/usu2664\/2024\/03\/IMG-20240322-WA0032-200x150.jpg 200w, https:\/\/agora.xtec.cat\/esc-laplana\/wp-content\/uploads\/usu2664\/2024\/03\/IMG-20240322-WA0032.jpg 1600w\" sizes=\"auto, (max-width: 1024px) 100vw, 1024px\" \/><\/a><\/p>\n","protected":false},"excerpt":{"rendered":"<p>L&#8217;equip docent vol donar les gr\u00e0cies a les fam\u00edlies que us heu animat i heu pogut venir a l&#8217;escola a realitzar alguna de les activitats en fam\u00edlia. Tamb\u00e9 volem agrair a l&#8217;alumnat en pr\u00e0ctiques que est\u00e0 col.laborant a la nostra escola i, en especial, a&hellip;  <a href=\"https:\/\/agora.xtec.cat\/esc-laplana\/general\/activitats-amb-families-2n-trimestre\/\" title=\"Read ACTIVITATS AMB FAM\u00cdLIES 2n trimestre\">Llegeix m\u00e9s\u00bb<\/a><\/p>\n","protected":false},"author":1,"featured_media":0,"comment_status":"open","ping_status":"closed","sticky":false,"template":"","format":"standard","meta":{"_bbp_topic_count":0,"_bbp_reply_count":0,"_bbp_total_topic_count":0,"_bbp_total_reply_count":0,"_bbp_voice_count":0,"_bbp_anonymous_reply_count":0,"_bbp_topic_count_hidden":0,"_bbp_reply_count_hidden":0,"_bbp_forum_subforum_count":0,"footnotes":""},"categories":[1,4],"tags":[],"class_list":["post-1664","post","type-post","status-publish","format-standard","hentry","category-general","category-portada"],"post_mailing_queue_ids":[],"_links":{"self":[{"href":"https:\/\/agora.xtec.cat\/esc-laplana\/wp-json\/wp\/v2\/posts\/1664","targetHints":{"allow":["GET"]}}],"collection":[{"href":"https:\/\/agora.xtec.cat\/esc-laplana\/wp-json\/wp\/v2\/posts"}],"about":[{"href":"https:\/\/agora.xtec.cat\/esc-laplana\/wp-json\/wp\/v2\/types\/post"}],"author":[{"embeddable":true,"href":"https:\/\/agora.xtec.cat\/esc-laplana\/wp-json\/wp\/v2\/users\/1"}],"replies":[{"embeddable":true,"href":"https:\/\/agora.xtec.cat\/esc-laplana\/wp-json\/wp\/v2\/comments?post=1664"}],"version-history":[{"count":3,"href":"https:\/\/agora.xtec.cat\/esc-laplana\/wp-json\/wp\/v2\/posts\/1664\/revisions"}],"predecessor-version":[{"id":1671,"href":"https:\/\/agora.xtec.cat\/esc-laplana\/wp-json\/wp\/v2\/posts\/1664\/revisions\/1671"}],"wp:attachment":[{"href":"https:\/\/agora.xtec.cat\/esc-laplana\/wp-json\/wp\/v2\/media?parent=1664"}],"wp:term":[{"taxonomy":"category","embeddable":true,"href":"https:\/\/agora.xtec.cat\/esc-laplana\/wp-json\/wp\/v2\/categories?post=1664"},{"taxonomy":"post_tag","embeddable":true,"href":"https:\/\/agora.xtec.cat\/esc-laplana\/wp-json\/wp\/v2\/tags?post=1664"}],"curies":[{"name":"wp","href":"https:\/\/api.w.org\/{rel}","templated":true}]}}